{"id":2216,"date":"2024-06-07T18:30:52","date_gmt":"2024-06-07T21:30:52","guid":{"rendered":"https:\/\/tveventos.tv.br\/?p=2216"},"modified":"2024-06-07T18:30:54","modified_gmt":"2024-06-07T21:30:54","slug":"bio-brazil-fair-e-naturaltech-apresentam-praticas-sustentaveis-e-iniciativas-solidarias","status":"publish","type":"post","link":"https:\/\/tveventos.tv.br\/?p=2216","title":{"rendered":"Bio Brazil Fair e NaturalTech apresentam pr\u00e1ticas sustent\u00e1veis e iniciativas solid\u00e1rias"},"content":{"rendered":"\n<p><em>As principais feiras de produtos org\u00e2nicos e naturais da Am\u00e9rica Latina, organizadas pela Francal, celebram a 18\u00aa edi\u00e7\u00e3o em meio ao novo reposicionamento estrat\u00e9gico da promotora l\u00edder de eventos de neg\u00f3cios<\/em>.<\/p>\n\n\n\n<p>De 12 a 15 de junho, a Francal avan\u00e7a em um novo cap\u00edtulo como um ecossistema para eventos de neg\u00f3cios e promove a 18\u00aa edi\u00e7\u00e3o das feiras, Bio Brazil Fair | Biofach America Latina e NaturalTech, que juntas, s\u00e3o realizadas no novo Distrito Anhembi, em S\u00e3o Paulo. Com gest\u00e3o da GL events, o espa\u00e7o passou por uma revitaliza\u00e7\u00e3o para se transformar em um complexo de entretenimento e conviv\u00eancia.<\/p>\n\n\n\n<p>Recentemente, a Francal anunciou uma reestrutura\u00e7\u00e3o de mercado abrangente, incluindo a nomea\u00e7\u00e3o de um novo CEO, a implanta\u00e7\u00e3o de mudan\u00e7as estrat\u00e9gicas e a reformula\u00e7\u00e3o da identidade corporativa. Fernando Ruas, l\u00edder da empresa, enfatiza que este novo cap\u00edtulo reflete o compromisso cont\u00ednuo da Francal com as pr\u00e1ticas ESG, reiterando sua dedica\u00e7\u00e3o para tornar os eventos da promotora mais sustent\u00e1veis a cada edi\u00e7\u00e3o.<\/p>\n\n\n\n<p>&#8220;A nova fase da Francal est\u00e1 totalmente alinhada aos princ\u00edpios ecol\u00f3gicos e sociais, e nossos eventos sempre carregam um prop\u00f3sito colaborativo. Para a 18\u00aa edi\u00e7\u00e3o das feiras, al\u00e9m de manter todas as a\u00e7\u00f5es sustent\u00e1veis j\u00e1 existentes, nos comprometemos em apoiar as v\u00edtimas da trag\u00e9dia ambiental no Rio Grande do Sul. Para isso, ser\u00e3o instalados pontos de coleta de doa\u00e7\u00f5es no pavilh\u00e3o\u201d, destaca Ruas.<\/p>\n\n\n\n<p><strong>Pr\u00e1ticas sustent\u00e1veis<\/strong><\/p>\n\n\n\n<p>Ao atingirem a maioridade, os principais eventos do setor de produtos org\u00e2nicos e naturais da Am\u00e9rica Latina, se destacam como os principais em 2024 por suas iniciativas de sustentabilidade e solidariedade. Por quase duas d\u00e9cadas, a Francal tem gerenciado de maneira eficaz os res\u00edduos produzidos em seus eventos, a\u00e7\u00f5es que se aplicam \u00e0 BIO BRAZIL FAIR | BIOFACH AM\u00c9RICA LATINA e \u00e0 NATURALTECH. Todos os res\u00edduos produzidos em cada fase dos eventos, desde a montagem, passando pelos dias da feira, at\u00e9 a desmontagem, s\u00e3o cuidadosamente separados, monitorados e direcionados para cooperativas ou compostagem, no caso de res\u00edduos org\u00e2nicos.<\/p>\n\n\n\n<p>Na edi\u00e7\u00e3o de 2023, as feiras geraram 100 toneladas de materiais descartados. Desse volume total, 99,3% dos produtos coletados passaram por reciclagem. Entre os res\u00edduos reciclados, 48% eram de origem org\u00e2nica, que foram encaminhados para compostagem.<\/p>\n\n\n\n<p>&#8220;Nosso prop\u00f3sito n\u00e3o se concretiza isoladamente, a contribui\u00e7\u00e3o de nossos parceiros ambientais, expositores e visitantes \u00e9 essencial para implementar estas pr\u00e1ticas. Vamos al\u00e9m de simplesmente compensar o consumo atrav\u00e9s de a\u00e7\u00f5es sustent\u00e1veis, como tamb\u00e9m apoiamos o desenvolvimento econ\u00f4mico e social. As atividades que acontecem durante os eventos engajam o trabalho de diversas fam\u00edlias&#8221;, refor\u00e7a Fernando Ruas.<\/p>\n\n\n\n<p>Para 2024, a Francal segue comprometida em reciclar as embalagens coletadas durante os eventos por meio de medidas de compensa\u00e7\u00e3o ambiental. Isso implica que cada embalagem recolhida nas feiras ser\u00e1 adequadamente reciclada. Lixeiras fabricadas a partir de material reutiliz\u00e1vel e biodegrad\u00e1vel ser\u00e3o estrategicamente posicionadas em diversos locais das feiras, otimizando o trabalho da equipe de coleta, permitindo uma separa\u00e7\u00e3o adequada do lixo e garantindo sua correta destina\u00e7\u00e3o.<\/p>\n\n\n\n<p>Outra atividade prevista \u00e9 a iniciativa digital denominada Kit Zero Lixo. A a\u00e7\u00e3o incentiva os visitantes a trazerem de casa seus pr\u00f3prios utens\u00edlios, como copos, garrafas, guardanapos e talheres.<\/p>\n\n\n\n<p>A promotora de eventos de neg\u00f3cios busca tamb\u00e9m estimular os expositores a aplicarem pr\u00e1ticas de a\u00e7\u00f5es sustent\u00e1veis por meio dos crit\u00e9rios apresentados na campanha, selo \u201cViva Verde\u201d. Os requisitos da iniciativa incluem a redu\u00e7\u00e3o de lixo e res\u00edduos, seja atrav\u00e9s do uso de tecnologias que substituem materiais impressos, implementa\u00e7\u00e3o de sistemas de coleta e reciclagem, ou at\u00e9 mesmo a ado\u00e7\u00e3o de solu\u00e7\u00f5es criativas para demonstra\u00e7\u00f5es e degusta\u00e7\u00f5es. Ao cumprir esses requisitos, os expositores podem obter o selo \u201dViva Verde\u201d e alcan\u00e7ar visibilidade nos canais oficiais do evento e incentivar o p\u00fablico a visitar o seu espa\u00e7o.<\/p>\n\n\n\n<p>Para neutralizar as emiss\u00f5es de carbono geradas pelos ve\u00edculos, a Francal fornecer\u00e1 um servi\u00e7o de translado gratuito para aqueles que preferirem o transporte p\u00fablico para se deslocarem aos eventos. O servi\u00e7o ser\u00e1 disponibilizado na forma de metr\u00f4 sem custo, com partida da esta\u00e7\u00e3o Portuguesa-Tiet\u00ea da linha 1 Azul do Metr\u00f4 \u2014 sa\u00edda D do Metr\u00f4 Tiet\u00ea. O ponto de embarque para este translado gratuito est\u00e1 localizado dentro do estacionamento \u201cEstacione Tiet\u00ea\u201d, situado na Rua Marechal Odylio Dennys, 138, adjacente ao Metr\u00f4 Tiet\u00ea.<\/p>\n\n\n\n<p>Urnas tamb\u00e9m ser\u00e3o disponibilizadas nas sa\u00eddas do pavilh\u00e3o para que visitantes, expositores e todos os participantes dos eventos possam depositar seus crach\u00e1s, caso n\u00e3o retornem ao evento. Os materiais recolhidos ser\u00e3o encaminhados para reciclagem.<\/p>\n\n\n\n<p>O tema da sustentabilidade tamb\u00e9m ser\u00e1 abordado nas feiras por meio de palestras e workshop. Para obter informa\u00e7\u00f5es adicionais sobre as iniciativas de sustentabilidade implementadas pela Francal, visite o <a href=\"https:\/\/biobrazilfair.com.br\/pt\/acoes-sustentaveis\/\">site<\/a> oficial da organizadora.<\/p>\n\n\n\n<p><strong>SERVI\u00c7O<\/strong><\/p>\n\n\n\n<p><strong>Data: <\/strong>de 12 a 15 de junho de 2024<\/p>\n\n\n\n<p><strong>Hor\u00e1rios:<\/strong> Dias 12 e 13, das 10h \u00e0s 13h, exclusivo para profissionais B2B e B2P. P\u00fablico em geral nestes dias somente a partir das 13h. Dias 14 e 15, das 10h \u00e0s 20h, para todos os p\u00fablicos.<\/p>\n\n\n\n<p><strong>Local: <\/strong>Pavilh\u00e3o De Exposi\u00e7\u00f5es Do Anhembi, Avenida Olavo Fontoura, 1209, S\u00e3o Paulo \u2013 SP<\/p>\n\n\n\n<p><strong>Informa\u00e7\u00f5es: <\/strong><a href=\"https:\/\/biobrazilfair.com.br\/pt\/\">Link<\/a><strong>&nbsp;<\/strong><\/p>\n","protected":false},"excerpt":{"rendered":"<p>As principais feiras de produtos org\u00e2nicos e naturais da Am\u00e9rica Latina, organizadas pela Francal, celebram a 18\u00aa edi\u00e7\u00e3o em meio ao novo reposicionamento estrat\u00e9gico da promotora l\u00edder de eventos de neg\u00f3cios. De 12 a 15 de junho, a Francal avan\u00e7a em um novo cap\u00edtulo como um ecossistema para eventos de neg\u00f3cios e promove a 18\u00aa [&hellip;]<\/p>\n","protected":false},"author":3,"featured_media":2217,"comment_status":"open","ping_status":"open","sticky":false,"template":"","format":"standard","meta":{"footnotes":""},"categories":[23],"tags":[],"class_list":{"0":"post-2216","1":"post","2":"type-post","3":"status-publish","4":"format-standard","5":"has-post-thumbnail","7":"category-feirasdenegocios"},"_links":{"self":[{"href":"https:\/\/tveventos.tv.br\/index.php?rest_route=\/wp\/v2\/posts\/2216","targetHints":{"allow":["GET"]}}],"collection":[{"href":"https:\/\/tveventos.tv.br\/index.php?rest_route=\/wp\/v2\/posts"}],"about":[{"href":"https:\/\/tveventos.tv.br\/index.php?rest_route=\/wp\/v2\/types\/post"}],"author":[{"embeddable":true,"href":"https:\/\/tveventos.tv.br\/index.php?rest_route=\/wp\/v2\/users\/3"}],"replies":[{"embeddable":true,"href":"https:\/\/tveventos.tv.br\/index.php?rest_route=%2Fwp%2Fv2%2Fcomments&post=2216"}],"version-history":[{"count":1,"href":"https:\/\/tveventos.tv.br\/index.php?rest_route=\/wp\/v2\/posts\/2216\/revisions"}],"predecessor-version":[{"id":2218,"href":"https:\/\/tveventos.tv.br\/index.php?rest_route=\/wp\/v2\/posts\/2216\/revisions\/2218"}],"wp:featuredmedia":[{"embeddable":true,"href":"https:\/\/tveventos.tv.br\/index.php?rest_route=\/wp\/v2\/media\/2217"}],"wp:attachment":[{"href":"https:\/\/tveventos.tv.br\/index.php?rest_route=%2Fwp%2Fv2%2Fmedia&parent=2216"}],"wp:term":[{"taxonomy":"category","embeddable":true,"href":"https:\/\/tveventos.tv.br\/index.php?rest_route=%2Fwp%2Fv2%2Fcategories&post=2216"},{"taxonomy":"post_tag","embeddable":true,"href":"https:\/\/tveventos.tv.br\/index.php?rest_route=%2Fwp%2Fv2%2Ftags&post=2216"}],"curies":[{"name":"wp","href":"https:\/\/api.w.org\/{rel}","templated":true}]}}