{"id":2233,"date":"2024-06-12T17:16:01","date_gmt":"2024-06-12T20:16:01","guid":{"rendered":"https:\/\/tveventos.tv.br\/?p=2233"},"modified":"2024-06-12T17:16:48","modified_gmt":"2024-06-12T20:16:48","slug":"fispal-tecnologia-e-tecnocarne-conectam-industriade-alimentos-e-bebidas-no-sao-paulo-expo","status":"publish","type":"post","link":"https:\/\/tveventos.tv.br\/?p=2233","title":{"rendered":"Fispal Tecnologia e TecnoCarne conectam ind\u00fastria de alimentos e bebidas no S\u00e3o Paulo Expo"},"content":{"rendered":"\n<p class=\"has-text-align-center\"><em>Eventos simult\u00e2neos re\u00fanem mais de 450 expositores e acontecem entre os dias 18 e 21 de junho; expectativa \u00e9 atrair mais de 44 mil visitantes<\/em><\/p>\n\n\n\n<p>Maior ponto de encontro da ind\u00fastria de alimentos e bebidas da Am\u00e9rica Latina, a Fispal Tecnologia celebra os 40 anos de hist\u00f3ria entre os dias 18 e 21 junho, no S\u00e3o Paulo Expo. O evento deve atrair mais de 450 expositores e acontece de forma simult\u00e2nea com a TecnoCarne, que chega \u00e0 sua 17\u00aa edi\u00e7\u00e3o.<br>&nbsp;<\/p>\n\n\n\n<p>Ambas as feiras s\u00e3o organizadas pela&nbsp;<strong>Informa Markets<\/strong>, que espera receber ao menos 44 mil visitantes ao longo dos quatro dias. O objetivo \u00e9 reunir, em uma \u00e1rea de exposi\u00e7\u00e3o de 40 mil m\u00b2, inova\u00e7\u00f5es, tecnologias e tend\u00eancias que moldam o futuro da ind\u00fastria de um segmento que faturou R$ 1,2 trilh\u00e3o em 2023 e \u00e9 respons\u00e1vel por 10,8% do PIB (Produto Interno Bruto) do pa\u00eds, segundo dados da Abia (Associa\u00e7\u00e3o Brasileira das Ind\u00fastrias da Alimenta\u00e7\u00e3o).<br>&nbsp;<\/p>\n\n\n\n<p>A sustentabilidade \u00e9 um dos fundamentos da organiza\u00e7\u00e3o. Os pilares s\u00e3o inspirar a sustentabilidade, incorporando o tema na marca at\u00e9 2025 e promovendo a realiza\u00e7\u00e3o dos ODS (Objetivos de Desenvolvimento Sustent\u00e1vel) da ONU (Organiza\u00e7\u00e3o das Na\u00e7\u00f5es Unidas); responsabilidade ambiental, buscando reduzir as pegadas de carbono pela metade at\u00e9 2025 e se tornar zero res\u00edduo e zero carbono l\u00edquido at\u00e9 2030; e a responsabilidade social, contribuindo com projetos de erradica\u00e7\u00e3o da fome e de desenvolvimento profissional de pessoas que vivem em comunidades carentes, al\u00e9m de defender a diversidade e a inclus\u00e3o.<br>&nbsp;<\/p>\n\n\n\n<p>Os eventos possuem uma programa\u00e7\u00e3o extensa de palestras e atra\u00e7\u00f5es de experi\u00eancias. A&nbsp;<a href=\"https:\/\/www.fispaltecnologia.com.br\/pt\/arena-fispal-tec-2024.html\" target=\"_blank\" rel=\"noreferrer noopener\"><u>Arena Fispal Tec<\/u><\/a>&nbsp;debater\u00e1 temas como Inova\u00e7\u00e3o &amp; Tecnologia Industrial, Embalagem, Comunica\u00e7\u00e3o &amp; E-commerce, ESG. Esses temas, assim como o&nbsp;<strong>Frigor\u00edfico Legal<\/strong>, tamb\u00e9m ser\u00e3o destaques da&nbsp;<a href=\"https:\/\/www.tecnocarne.com.br\/pt\/atracoes\/arena-conteudo-tecnocarne.html\" target=\"_blank\" rel=\"noreferrer noopener\"><u>Arena de Conte\u00fado TecnoCarne<\/u><\/a>. Os congressos visam ajudar no desenvolvimento dos neg\u00f3cios, al\u00e9m de oferecer a oportunidade de encontrar especialistas e t\u00e9cnicos do setor que podem ajudar com dicas de neg\u00f3cio.<br>&nbsp;<\/p>\n\n\n\n<p>Entre outras atra\u00e7\u00f5es das feiras, destacam-se:<br>&nbsp;<\/p>\n\n\n\n<p>A&nbsp;<strong>Vitrine da Carne<\/strong>, que ressalta os ingredientes e t\u00e9cnicas de corte de carne. Ter\u00e1 a presen\u00e7a de Marcelo Bolinha e de empresas especializadas em ingredientes, com solu\u00e7\u00f5es para aprimorar a qualidade, garantir a seguran\u00e7a alimentar e prolongar o armazenamento da carne, destacando os diversos benef\u00edcios e impactos desses aditivos essenciais para o setor.<br>&nbsp;<\/p>\n\n\n\n<p>A&nbsp;<strong>Fispal Women Connetec,&nbsp;<\/strong>que acontece no dia 19 de junho e apresenta as mulheres profissionais da ind\u00fastria de alimentos e bebidas que est\u00e3o fazendo a diferen\u00e7a no mercado.O evento traz pain\u00e9is de discuss\u00e3o, uma sele\u00e7\u00e3o das principais vozes do setor e uma s\u00e9rie de atividades de networking.<br>&nbsp;<\/p>\n\n\n\n<p>A&nbsp;<strong>Arena da Cerveja Artesanal<\/strong>, com conte\u00fados din\u00e2micos e muita degusta\u00e7\u00e3o sobre o mundo cervejeiro. Por fim, a&nbsp;<strong>Jornada da Pequena Ind\u00fastria<\/strong>&nbsp;busca potencializar a visita de micro e pequenas ind\u00fastrias no evento.<br>&nbsp;<\/p>\n\n\n\n<p>A grade completa das atra\u00e7\u00f5es pode ser conferida no site &#8211;&nbsp;<a href=\"https:\/\/www.fispaltecnologia.com.br\/pt\/home.html\" target=\"_blank\" rel=\"noreferrer noopener\">Link<\/a>. O credenciamento para visitar os eventos est\u00e1 dispon\u00edvel em&nbsp;<a href=\"https:\/\/www.fispaltecnologia.com.br\/pt\/credenciamento.html\" target=\"_blank\" rel=\"noreferrer noopener\">Link<\/a>&nbsp;e \u00e9 exclusivo para profissionais do setor.<br>&nbsp;<\/p>\n\n\n\n<p><strong>Servi\u00e7o<\/strong><\/p>\n\n\n\n<p><strong>Data<\/strong>: 18 a 21 de junho de 2024<\/p>\n\n\n\n<p><strong>Local<\/strong>: S\u00e3o Paulo Expo<\/p>\n\n\n\n<p><strong>Endere\u00e7o<\/strong>: Rodovia dos Imigrantes, 1,5 km &#8211; Vila \u00c1gua Funda, S\u00e3o Paulo\/SP<\/p>\n\n\n\n<p><strong>Hor\u00e1rios:&nbsp;<\/strong>Ter\u00e7a a quinta-feira: 13h \u00e0s 20h | Sexta-feira: 13h \u00e0s 18h<\/p>\n\n\n\n<p><strong>Credenciamento para visitar a Fispal Tecnologia deve ser feito pelo&nbsp;<\/strong><a href=\"https:\/\/www.fispaltecnologia.com.br\/\" target=\"_blank\" rel=\"noreferrer noopener\">site<\/a><\/p>\n\n\n\n<p><strong>Sobre a Fispal Tecnologia &amp; TecnoCarne<\/strong><\/p>\n\n\n\n<p>A Fispal Tecnologia e a TecnoCarne s\u00e3o a principal plataforma de conex\u00e3o entre as ind\u00fastrias de alimentos, bebidas e prote\u00ednas. Por meio do evento f\u00edsico, que acontece no S\u00e3o Paulo Expo, e da plataforma digital, as duas oferecem networking, conte\u00fado e oportunidades de neg\u00f3cios aos profissionais do setor durante os 365 dias do ano.<\/p>\n\n\n\n<p><strong>Sobre a Informa Markets\u202f<\/strong>&nbsp;<\/p>\n\n\n\n<p>A Informa Markets cria plataformas para ind\u00fastrias e mercados especializados em fazer neg\u00f3cios, inovar e crescer. Seu portf\u00f3lio global \u00e9 composto por mais de 550 eventos e marcas internacionais, sendo mais de 30 no Brasil, em mercados como Ind\u00fastria, Sa\u00fade e Nutri\u00e7\u00e3o, Infraestrutura, Constru\u00e7\u00e3o, Alimentos e Bebidas, Agroneg\u00f3cio, Tecnologia e Telecom, entre outros. Oferecendo aos clientes e parceiros em todo o mundo oportunidades de networking, de viver experi\u00eancias e de fazer neg\u00f3cios por meio de feiras e eventos h\u00edbridos, conte\u00fado digital especializado e solu\u00e7\u00f5es de intelig\u00eancia de mercado, a Informa Markets segue construindo uma jornada de relacionamento e neg\u00f3cios entre empresas e mercados 365 dias por ano.&nbsp;Para mais informa\u00e7\u00f5es, visite&nbsp;<a href=\"https:\/\/www.informamarkets.com.br\/\" target=\"_blank\" rel=\"noreferrer noopener\">aqui<\/a>&nbsp;ou entre em contato pelo e-mail&nbsp;<a href=\"mailto:institucional@informa.com\" target=\"_blank\" rel=\"noreferrer noopener\">institucional@informa.com<\/a>.<\/p>\n\n\n\n<p><\/p>\n","protected":false},"excerpt":{"rendered":"<p>Eventos simult\u00e2neos re\u00fanem mais de 450 expositores e acontecem entre os dias 18 e 21 de junho; expectativa \u00e9 atrair mais de 44 mil visitantes Maior ponto de encontro da ind\u00fastria de alimentos e bebidas da Am\u00e9rica Latina, a Fispal Tecnologia celebra os 40 anos de hist\u00f3ria entre os dias 18 e 21 junho, no [&hellip;]<\/p>\n","protected":false},"author":2,"featured_media":2234,"comment_status":"open","ping_status":"open","sticky":false,"template":"","format":"standard","meta":{"footnotes":""},"categories":[23],"tags":[],"class_list":{"0":"post-2233","1":"post","2":"type-post","3":"status-publish","4":"format-standard","5":"has-post-thumbnail","7":"category-feirasdenegocios"},"_links":{"self":[{"href":"https:\/\/tveventos.tv.br\/index.php?rest_route=\/wp\/v2\/posts\/2233","targetHints":{"allow":["GET"]}}],"collection":[{"href":"https:\/\/tveventos.tv.br\/index.php?rest_route=\/wp\/v2\/posts"}],"about":[{"href":"https:\/\/tveventos.tv.br\/index.php?rest_route=\/wp\/v2\/types\/post"}],"author":[{"embeddable":true,"href":"https:\/\/tveventos.tv.br\/index.php?rest_route=\/wp\/v2\/users\/2"}],"replies":[{"embeddable":true,"href":"https:\/\/tveventos.tv.br\/index.php?rest_route=%2Fwp%2Fv2%2Fcomments&post=2233"}],"version-history":[{"count":2,"href":"https:\/\/tveventos.tv.br\/index.php?rest_route=\/wp\/v2\/posts\/2233\/revisions"}],"predecessor-version":[{"id":2236,"href":"https:\/\/tveventos.tv.br\/index.php?rest_route=\/wp\/v2\/posts\/2233\/revisions\/2236"}],"wp:featuredmedia":[{"embeddable":true,"href":"https:\/\/tveventos.tv.br\/index.php?rest_route=\/wp\/v2\/media\/2234"}],"wp:attachment":[{"href":"https:\/\/tveventos.tv.br\/index.php?rest_route=%2Fwp%2Fv2%2Fmedia&parent=2233"}],"wp:term":[{"taxonomy":"category","embeddable":true,"href":"https:\/\/tveventos.tv.br\/index.php?rest_route=%2Fwp%2Fv2%2Fcategories&post=2233"},{"taxonomy":"post_tag","embeddable":true,"href":"https:\/\/tveventos.tv.br\/index.php?rest_route=%2Fwp%2Fv2%2Ftags&post=2233"}],"curies":[{"name":"wp","href":"https:\/\/api.w.org\/{rel}","templated":true}]}}