{"id":2237,"date":"2024-06-13T10:57:36","date_gmt":"2024-06-13T13:57:36","guid":{"rendered":"https:\/\/tveventos.tv.br\/?p=2237"},"modified":"2024-06-13T10:57:40","modified_gmt":"2024-06-13T13:57:40","slug":"feiras-biobrazil-fair-e-naturaltech-auxiliam-marcas-a-alavancarem-exportacoes-de-produtos-organicos-e-naturais-em-meio-a-crescente-demanda-global","status":"publish","type":"post","link":"https:\/\/tveventos.tv.br\/?p=2237","title":{"rendered":"Feiras BioBrazil Fair e Naturaltech auxiliam marcas a alavancarem exporta\u00e7\u00f5es de produtos org\u00e2nicos e naturais em meio a crescente demanda global"},"content":{"rendered":"\n<p class=\"has-text-align-center\">Empresas presentes durante a 18\u00aa edi\u00e7\u00e3o das maiores feiras de produtos org\u00e2nicos, naturais e saud\u00e1veis da Am\u00e9rica Latina apresentando solu\u00e7\u00f5es e novos produtos ao mercado<\/p>\n\n\n\n<p>Nos \u00faltimos anos, o Brasil tem se destacado como um importante exportador de produtos org\u00e2nicos e naturais, impulsionado pela crescente demanda global por alimentos saud\u00e1veis e sustent\u00e1veis. Dados recentes do Minist\u00e9rio da Agricultura, Pecu\u00e1ria e Abastecimento (MAPA) revelam um crescimento expressivo nas exporta\u00e7\u00f5es brasileiras desse segmento.<br>&nbsp;<\/p>\n\n\n\n<p>Em 2023, as exporta\u00e7\u00f5es do agroneg\u00f3cio brasileiro atingiram um grande marco, alcan\u00e7ando US$166,55 bilh\u00f5es, o que representa um aumento de 4,8% em rela\u00e7\u00e3o a 2022, equivalente a um acr\u00e9scimo de US$7,68 bilh\u00f5es. O agroneg\u00f3cio foi respons\u00e1vel por 49% do total das exporta\u00e7\u00f5es brasileiras em 2023, um incremento em rela\u00e7\u00e3o aos 47,5% do ano anterior.<br>&nbsp;<\/p>\n\n\n\n<p>O mercado europeu \u00e9 um dos principais destinos das exporta\u00e7\u00f5es brasileiras de produtos org\u00e2nicos e naturais, absorvendo aproximadamente 40% do total exportado pelo pa\u00eds. Os consumidores europeus, preocupados com a sa\u00fade e o meio ambiente, t\u00eam buscado cada vez mais alimentos livres de pesticidas e produtos qu\u00edmicos, o que tem impulsionado a demanda por produtos org\u00e2nicos brasileiros.<br>&nbsp;<\/p>\n\n\n\n<p>Com a crescente demanda global, empresas brasileiras t\u00eam investido significativamente em programas de incentivo \u00e0 produ\u00e7\u00e3o org\u00e2nica e em a\u00e7\u00f5es de promo\u00e7\u00e3o comercial no exterior. A participa\u00e7\u00e3o em feiras e eventos internacionais tem sido fundamental para promover a imagem dos produtos brasileiros no exterior e estabelecer parcerias comerciais com importadores e distribuidores globais.<br>&nbsp;<\/p>\n\n\n\n<p>Algumas empresas presentes na 18\u00aa Edi\u00e7\u00e3o das feiras Bio Brazil Fair e Naturaltech, est\u00e3o com seu foco em exporta\u00e7\u00f5es. Marcas como a Ekob\u00e9 est\u00e3o aproveitando essas oportunidades, apresentando suas \u00faltimas inova\u00e7\u00f5es nutrac\u00eauticas, incluindo as gomas \u2013 produto em alta no mercado \u2013 e o alimento em p\u00f3 Ora-Pro-N\u00f3bis. Este \u00faltimo, refor\u00e7a que o crescimento significativo do mercado de exporta\u00e7\u00f5es de suplementos e vitaminas do Brasil, que atingiu aproximadamente US$ 120 milh\u00f5es em 2023, s\u00f3 tende a seguir em constante avan\u00e7o.<br>&nbsp;<\/p>\n\n\n\n<p>A Loja da Lata, unidade de neg\u00f3cios digitais da Brasilata, uma das maiores fabricantes brasileiras de embalagens inovadoras e sustent\u00e1veis, tamb\u00e9m se destaca no cen\u00e1rio de exporta\u00e7\u00e3o. A companhia possui tecnologias com patentes internacionais exportadas para diversos pa\u00edses, exportando embalagens para mais de 15 pa\u00edses e tendo representa\u00e7\u00e3o comercial em diversos pa\u00edses da Am\u00e9rica Latina, com cerca de 15% de sua receita proveniente da exporta\u00e7\u00e3o.<br>&nbsp;<\/p>\n\n\n\n<p>Os produtos da Surya Brasil tamb\u00e9m t\u00eam uma forte presen\u00e7a no mercado internacional. A empresa cresceu 21,92% no mercado natural americano e registrou um crescimento de exporta\u00e7\u00e3o de 18,69%. Os produtos da Surya s\u00e3o vendidos em mais de 40 pa\u00edses, incluindo Estados Unidos, \u00cdndia, Chile, Paraguai, Holanda, Uruguai, Col\u00f4mbia e M\u00e9xico.<br>&nbsp;<\/p>\n\n\n\n<p>A Ju\u00e7a\u00ed, produtora e distribuidora do a\u00e7a\u00ed da palmeira-ju\u00e7ara extra\u00eddo da Mata Atl\u00e2ntica, tamb\u00e9m est\u00e1 ampliando sua presen\u00e7a no mercado internacional. A empresa investiu mais de R$20 milh\u00f5es na constru\u00e7\u00e3o de uma nova f\u00e1brica em Penedo, interior do Rio de Janeiro, com o objetivo de aumentar sua capacidade de produ\u00e7\u00e3o para mais de 600 mil litros de a\u00e7a\u00ed por ano e expandir suas opera\u00e7\u00f5es para os pa\u00edses do Oriente M\u00e9dio. A expans\u00e3o para esta regi\u00e3o \u00e9 motivada pelo crescente interesse por alimentos saud\u00e1veis e naturais.<br>&nbsp;<\/p>\n\n\n\n<p>Esses dados ressaltam a crescente import\u00e2ncia do Brasil como um fornecedor global de produtos org\u00e2nicos e naturais, demonstrando a capacidade do pa\u00eds de atender \u00e0 demanda crescente por alimentos saud\u00e1veis e sustent\u00e1veis.<\/p>\n\n\n\n<p><strong>SERVI\u00c7O<\/strong><\/p>\n\n\n\n<p>Quando: de 12 a 15 de junho de 2024\u202f<\/p>\n\n\n\n<p>Hor\u00e1rios: Dias 12 e 13, das 10h \u00e0s 13h, exclusivo para profissionais B2B e B2P. P\u00fablico em geral nestes dias somente a partir das 13h. Dias 14 e 15, das 10h \u00e0s 20h, para todos os p\u00fablicos.<\/p>\n\n\n\n<p>Local: Distrito Anhembi, Avenida Olavo Fontoura, 1209, S\u00e3o Paulo\/SP<\/p>\n\n\n\n<p><strong>Sobre a Bio Brazil e Naturaltech&nbsp;<\/strong><\/p>\n\n\n\n<p>A Bio Brazil e Naturaltech s\u00e3o as maiores feiras de produtos org\u00e2nicos, naturais e saud\u00e1veis da Am\u00e9rica Latina. Realizadas anualmente, as feiras oferecem uma plataforma abrangente para empresas e profissionais do setor, promovendo a inova\u00e7\u00e3o, sustentabilidade e o bem-estar. Com uma variedade de exposi\u00e7\u00f5es, palestras e atividades, a Bio Brazil e Naturaltech s\u00e3o eventos imperd\u00edveis para todos os interessados em sa\u00fade, nutri\u00e7\u00e3o e sustentabilidade.\u202f&nbsp;<\/p>\n\n\n\n<p><strong>Sobre a Francal<\/strong><\/p>\n\n\n\n<p>Desde 1969, a Francal \u00e9 sin\u00f4nimo de neg\u00f3cios e pioneirismo. Com mais de cinco d\u00e9cadas de atua\u00e7\u00e3o, \u00e9 uma das maiores e mais tradicionais promotoras de eventos do pa\u00eds, com capital 100% nacional. Os neg\u00f3cios originados pelos 13 eventos de seu portf\u00f3lio movimentam a economia e contribuem para o desenvolvimento de todas as regi\u00f5es do Brasil.<\/p>\n","protected":false},"excerpt":{"rendered":"<p>Empresas presentes durante a 18\u00aa edi\u00e7\u00e3o das maiores feiras de produtos org\u00e2nicos, naturais e saud\u00e1veis da Am\u00e9rica Latina apresentando solu\u00e7\u00f5es e novos produtos ao mercado Nos \u00faltimos anos, o Brasil tem se destacado como um importante exportador de produtos org\u00e2nicos e naturais, impulsionado pela crescente demanda global por alimentos saud\u00e1veis e sustent\u00e1veis. Dados recentes do [&hellip;]<\/p>\n","protected":false},"author":2,"featured_media":2238,"comment_status":"open","ping_status":"open","sticky":false,"template":"","format":"standard","meta":{"footnotes":""},"categories":[23],"tags":[],"class_list":{"0":"post-2237","1":"post","2":"type-post","3":"status-publish","4":"format-standard","5":"has-post-thumbnail","7":"category-feirasdenegocios"},"_links":{"self":[{"href":"https:\/\/tveventos.tv.br\/index.php?rest_route=\/wp\/v2\/posts\/2237","targetHints":{"allow":["GET"]}}],"collection":[{"href":"https:\/\/tveventos.tv.br\/index.php?rest_route=\/wp\/v2\/posts"}],"about":[{"href":"https:\/\/tveventos.tv.br\/index.php?rest_route=\/wp\/v2\/types\/post"}],"author":[{"embeddable":true,"href":"https:\/\/tveventos.tv.br\/index.php?rest_route=\/wp\/v2\/users\/2"}],"replies":[{"embeddable":true,"href":"https:\/\/tveventos.tv.br\/index.php?rest_route=%2Fwp%2Fv2%2Fcomments&post=2237"}],"version-history":[{"count":1,"href":"https:\/\/tveventos.tv.br\/index.php?rest_route=\/wp\/v2\/posts\/2237\/revisions"}],"predecessor-version":[{"id":2239,"href":"https:\/\/tveventos.tv.br\/index.php?rest_route=\/wp\/v2\/posts\/2237\/revisions\/2239"}],"wp:featuredmedia":[{"embeddable":true,"href":"https:\/\/tveventos.tv.br\/index.php?rest_route=\/wp\/v2\/media\/2238"}],"wp:attachment":[{"href":"https:\/\/tveventos.tv.br\/index.php?rest_route=%2Fwp%2Fv2%2Fmedia&parent=2237"}],"wp:term":[{"taxonomy":"category","embeddable":true,"href":"https:\/\/tveventos.tv.br\/index.php?rest_route=%2Fwp%2Fv2%2Fcategories&post=2237"},{"taxonomy":"post_tag","embeddable":true,"href":"https:\/\/tveventos.tv.br\/index.php?rest_route=%2Fwp%2Fv2%2Ftags&post=2237"}],"curies":[{"name":"wp","href":"https:\/\/api.w.org\/{rel}","templated":true}]}}