{"id":2248,"date":"2024-06-17T15:48:00","date_gmt":"2024-06-17T18:48:00","guid":{"rendered":"https:\/\/tveventos.tv.br\/?p=2248"},"modified":"2024-06-17T15:48:03","modified_gmt":"2024-06-17T18:48:03","slug":"fenaf-conaf","status":"publish","type":"post","link":"https:\/\/tveventos.tv.br\/?p=2248","title":{"rendered":"FENAF\/CONAF"},"content":{"rendered":"\n<p>Em 2024, o CONAF \u2013 Congresso ABIFA de Fundi\u00e7\u00e3o e a FENAF \u2013 Feira Latino-Americana de Fundi\u00e7\u00e3o completam 20 edi\u00e7\u00f5es.<\/p>\n\n\n\n<p>O primeiro congresso organizado pela ABIFA foi chamado de CONBRAFUND \u2013 Congresso Brasileiro de Fundi\u00e7\u00e3o, ocorreu entre os dias 19 e 23 de novembro de 1979, no S\u00e3o Paulo Hilton Hotel. O tema discorrido entre os 12 conferencistas participantes foi: <em>O Momento Industrial Brasileiro<\/em>.<\/p>\n\n\n\n<p>Desde ent\u00e3o, os congressos da ABIFA s\u00e3o realizados bienalmente.<\/p>\n\n\n\n<p>Em 1991, j\u00e1 com 36 conferencistas e 400 inscritos, o CONBRAFUND passa a se chamar CONAF \u2013 Congresso Nacional de Fundi\u00e7\u00e3o.<\/p>\n\n\n\n<p>Duas edi\u00e7\u00f5es depois, em 1995, o congresso se torna internacional, mas a sua nomenclatura s\u00f3 \u00e9 alterada em 2009, desta vez para CONAF \u2013 Congresso ABIFA de Fundi\u00e7\u00e3o.<\/p>\n\n\n\n<p>A 1\u00aa FENAF \u2013 Exposi\u00e7\u00e3o de Fundidos, Insumos e Equipamentos para Fundi\u00e7\u00e3o, aconteceu em 1982, no Maksoud Plaza Hotel (SP), paralelamente ao 2\u00ba CONBRAFUND, naquele ano, 16 empresas participaram da feira.<\/p>\n\n\n\n<p>Em 2005 e 2007, \u00e9 assumida a nomenclatura FENAF \u2013 Feira Sul-Americana de Fundi\u00e7\u00e3o, em raz\u00e3o da presen\u00e7a de empresas principalmente da Argentina, Peru e Paraguai entre os expositores.<\/p>\n\n\n\n<p>Em 2009, com a ades\u00e3o do M\u00e9xico ao evento, a FENAF passa a ser denominada Feira Latino-Americana de Fundi\u00e7\u00e3o e permanece assim desde ent\u00e3o.<\/p>\n","protected":false},"excerpt":{"rendered":"<p>Em 2024, o CONAF \u2013 Congresso ABIFA de Fundi\u00e7\u00e3o e a FENAF \u2013 Feira Latino-Americana de Fundi\u00e7\u00e3o completam 20 edi\u00e7\u00f5es. O primeiro congresso organizado pela ABIFA foi chamado de CONBRAFUND \u2013 Congresso Brasileiro de Fundi\u00e7\u00e3o, ocorreu entre os dias 19 e 23 de novembro de 1979, no S\u00e3o Paulo Hilton Hotel. O tema discorrido entre [&hellip;]<\/p>\n","protected":false},"author":2,"featured_media":2249,"comment_status":"open","ping_status":"open","sticky":false,"template":"","format":"standard","meta":{"footnotes":""},"categories":[23],"tags":[],"class_list":{"0":"post-2248","1":"post","2":"type-post","3":"status-publish","4":"format-standard","5":"has-post-thumbnail","7":"category-feirasdenegocios"},"_links":{"self":[{"href":"https:\/\/tveventos.tv.br\/index.php?rest_route=\/wp\/v2\/posts\/2248","targetHints":{"allow":["GET"]}}],"collection":[{"href":"https:\/\/tveventos.tv.br\/index.php?rest_route=\/wp\/v2\/posts"}],"about":[{"href":"https:\/\/tveventos.tv.br\/index.php?rest_route=\/wp\/v2\/types\/post"}],"author":[{"embeddable":true,"href":"https:\/\/tveventos.tv.br\/index.php?rest_route=\/wp\/v2\/users\/2"}],"replies":[{"embeddable":true,"href":"https:\/\/tveventos.tv.br\/index.php?rest_route=%2Fwp%2Fv2%2Fcomments&post=2248"}],"version-history":[{"count":1,"href":"https:\/\/tveventos.tv.br\/index.php?rest_route=\/wp\/v2\/posts\/2248\/revisions"}],"predecessor-version":[{"id":2250,"href":"https:\/\/tveventos.tv.br\/index.php?rest_route=\/wp\/v2\/posts\/2248\/revisions\/2250"}],"wp:featuredmedia":[{"embeddable":true,"href":"https:\/\/tveventos.tv.br\/index.php?rest_route=\/wp\/v2\/media\/2249"}],"wp:attachment":[{"href":"https:\/\/tveventos.tv.br\/index.php?rest_route=%2Fwp%2Fv2%2Fmedia&parent=2248"}],"wp:term":[{"taxonomy":"category","embeddable":true,"href":"https:\/\/tveventos.tv.br\/index.php?rest_route=%2Fwp%2Fv2%2Fcategories&post=2248"},{"taxonomy":"post_tag","embeddable":true,"href":"https:\/\/tveventos.tv.br\/index.php?rest_route=%2Fwp%2Fv2%2Ftags&post=2248"}],"curies":[{"name":"wp","href":"https:\/\/api.w.org\/{rel}","templated":true}]}}