{"id":2252,"date":"2024-06-17T15:57:10","date_gmt":"2024-06-17T18:57:10","guid":{"rendered":"https:\/\/tveventos.tv.br\/?p=2252"},"modified":"2024-06-17T15:57:14","modified_gmt":"2024-06-17T18:57:14","slug":"abifa-associacao-brasileira-de-fundicao","status":"publish","type":"post","link":"https:\/\/tveventos.tv.br\/?p=2252","title":{"rendered":"ABIFA \u2013 Associa\u00e7\u00e3o Brasileira de Fundi\u00e7\u00e3o"},"content":{"rendered":"\n<p>A ABIFA \u2013 Associa\u00e7\u00e3o Brasileira de fundi\u00e7\u00e3o \u00e9 a entidade que representa o setor em todo oterrit\u00f3rio nacional. Desde 2022, a ABIFA \u00e9 presidida pelo sr. Cac\u00eddio Girardi, diretor-presidente da empresa Electro A\u00e7o Altona. <\/p>\n\n\n\n<p>Em 2023, a ind\u00fastria brasileira de fundi\u00e7\u00e3o produziu 2.699.175 t, entre fundidos de ferro, a\u00e7o emetais n\u00e3o ferrosos (cobre, zinco, alum\u00ednio, magn\u00e9sio e chumbo). Juntas, as 863 empresas do setor faturaram US$ 12 bilh\u00f5es em 2023. A maioria dessas fundi\u00e7\u00f5es \u00e9 de pequeno e m\u00e9dio porte, com predom\u00ednio do capital nacional.<\/p>\n\n\n\n<p>Do total de fundidos produzidos no Brasil, em torno de 40,0% destinam-se \u00e0 ind\u00fastria automotiva, abastecendo fabricantes de componentes automotores, autope\u00e7as e as pr\u00f3prias montadoras de autom\u00f3veis, caminh\u00f5es, \u00f4nibus e tratores. Outros segmentos que merecem destaque s\u00e3o as ind\u00fastrias de bens de capital (15%), siderurgia (6%) e ferrovi\u00e1ria (9%). <\/p>\n\n\n\n<p>A exporta\u00e7\u00e3o de fundidos brasileiros ocorre principalmente de forma indireta, no embarque de conjuntos completos, como: motores e componentes automotivos, bens de capital, ve\u00edculos montados ou em CKD etc. Em 2023, o setor exportou 344.797 t de fundidos.<\/p>\n\n\n\n<p>Assim como outros segmentos da economia, a ind\u00fastria de fundi\u00e7\u00e3o brasileira vem se adequando a uma nova realidade de mercado e ao mundo globalizado, no qual o aumento da produtividade \u00e9 fundamental para a sobreviv\u00eancia das empresas. Em 2023, com as instabilidades de mercado e um ch\u00e3o de f\u00e1brica mais automatizado, houve um decr\u00e9scimo em torno de (5%) da m\u00e3o de obra empregada no setor de fundi\u00e7\u00e3o.<\/p>\n\n\n\n<p>FENAF\u2502CONAF 2024<br>Em 2024, ano em que a ABIFA celebra 55 anos de exist\u00eancia, a FENAF \u2013 Feira Latino-Americana de Fundi\u00e7\u00e3o e o CONAF \u2013 Congresso ABIFA de Fundi\u00e7\u00e3o chegam \u00e0 20\u00aa edi\u00e7\u00e3o. A FENAF\u2502CONAF 2024 acontecem dias 18 a 21 de junho, no pavilh\u00e3o amarelo do Expo Center Norte, em S\u00e3o Paulo (SP).<br>Expositores dos principais polos de fundi\u00e7\u00e3o do pa\u00eds estar\u00e3o na FENAF, al\u00e9m dos internacionais, vindos da Europa, Am\u00e9rica do Norte e \u00c1sia.<br>\u00c9 estimada a visita\u00e7\u00e3o de mais de 5 mil profissionais da cadeia de fundi\u00e7\u00e3o, a FENAF \u00e9 conhecida pela excepcional qualidade t\u00e9cnica de seus visitantes. Em 2022, 20% dos profissionais que visitaram o evento eram gerentes; 18% diretores, 16% t\u00e9cnicos, 14% engenheiros e 5% presidentes\/CEO, origin\u00e1rios da Europa (It\u00e1lia, Alemanha, Su\u00e9cia), Am\u00e9rica do Sul (Argentina, Bol\u00edvia, Chile) e \u00c1sia (China), al\u00e9m do Brasil.<br><strong>Para mais informa\u00e7\u00f5es, acesse: https:\/\/www.fenaf.com.br\/site\/<\/strong><\/p>\n\n\n\n<p><\/p>\n","protected":false},"excerpt":{"rendered":"<p>A ABIFA \u2013 Associa\u00e7\u00e3o Brasileira de fundi\u00e7\u00e3o \u00e9 a entidade que representa o setor em todo oterrit\u00f3rio nacional. Desde 2022, a ABIFA \u00e9 presidida pelo sr. Cac\u00eddio Girardi, diretor-presidente da empresa Electro A\u00e7o Altona. Em 2023, a ind\u00fastria brasileira de fundi\u00e7\u00e3o produziu 2.699.175 t, entre fundidos de ferro, a\u00e7o emetais n\u00e3o ferrosos (cobre, zinco, alum\u00ednio, [&hellip;]<\/p>\n","protected":false},"author":2,"featured_media":2253,"comment_status":"open","ping_status":"open","sticky":false,"template":"","format":"standard","meta":{"footnotes":""},"categories":[23],"tags":[],"class_list":{"0":"post-2252","1":"post","2":"type-post","3":"status-publish","4":"format-standard","5":"has-post-thumbnail","7":"category-feirasdenegocios"},"_links":{"self":[{"href":"https:\/\/tveventos.tv.br\/index.php?rest_route=\/wp\/v2\/posts\/2252","targetHints":{"allow":["GET"]}}],"collection":[{"href":"https:\/\/tveventos.tv.br\/index.php?rest_route=\/wp\/v2\/posts"}],"about":[{"href":"https:\/\/tveventos.tv.br\/index.php?rest_route=\/wp\/v2\/types\/post"}],"author":[{"embeddable":true,"href":"https:\/\/tveventos.tv.br\/index.php?rest_route=\/wp\/v2\/users\/2"}],"replies":[{"embeddable":true,"href":"https:\/\/tveventos.tv.br\/index.php?rest_route=%2Fwp%2Fv2%2Fcomments&post=2252"}],"version-history":[{"count":1,"href":"https:\/\/tveventos.tv.br\/index.php?rest_route=\/wp\/v2\/posts\/2252\/revisions"}],"predecessor-version":[{"id":2254,"href":"https:\/\/tveventos.tv.br\/index.php?rest_route=\/wp\/v2\/posts\/2252\/revisions\/2254"}],"wp:featuredmedia":[{"embeddable":true,"href":"https:\/\/tveventos.tv.br\/index.php?rest_route=\/wp\/v2\/media\/2253"}],"wp:attachment":[{"href":"https:\/\/tveventos.tv.br\/index.php?rest_route=%2Fwp%2Fv2%2Fmedia&parent=2252"}],"wp:term":[{"taxonomy":"category","embeddable":true,"href":"https:\/\/tveventos.tv.br\/index.php?rest_route=%2Fwp%2Fv2%2Fcategories&post=2252"},{"taxonomy":"post_tag","embeddable":true,"href":"https:\/\/tveventos.tv.br\/index.php?rest_route=%2Fwp%2Fv2%2Ftags&post=2252"}],"curies":[{"name":"wp","href":"https:\/\/api.w.org\/{rel}","templated":true}]}}