{"id":2256,"date":"2024-06-17T17:53:35","date_gmt":"2024-06-17T20:53:35","guid":{"rendered":"https:\/\/tveventos.tv.br\/?p=2256"},"modified":"2024-06-17T17:53:38","modified_gmt":"2024-06-17T20:53:38","slug":"agronegocios-copercana","status":"publish","type":"post","link":"https:\/\/tveventos.tv.br\/?p=2256","title":{"rendered":"Agroneg\u00f3cios Copercana"},"content":{"rendered":"\n<p>A feira re\u00fane as \u00faltimas novidades do setor e as tecnologias que impulsionam o desenvolvimento do agroneg\u00f3cio. Al\u00e9m de ser refer\u00eancia em palestras t\u00e9cnicas com temas atuais e relevantes para o dia a dia do produtor, o evento oferece condi\u00e7\u00f5es vantajosas de cr\u00e9dito para o setor que movimenta o pa\u00eds. Participe, atualize-se e aproveite as oportunidades de fazer excelentes neg\u00f3cios.<\/p>\n\n\n\n<p>Junte-se a n\u00f3s nos dias 17 a 28 de junho, no Centro de Eventos Copercana.<\/p>\n\n\n\n<p>Endere\u00e7o: Estr. Herm\u00ednio Bizio, n\u00ba 28 &#8211; Ch\u00e1caras Recreio Planalto, Sert\u00e3ozinho &#8211; SP, 14176-425.<\/p>\n","protected":false},"excerpt":{"rendered":"<p>A feira re\u00fane as \u00faltimas novidades do setor e as tecnologias que impulsionam o desenvolvimento do agroneg\u00f3cio. Al\u00e9m de ser refer\u00eancia em palestras t\u00e9cnicas com temas atuais e relevantes para o dia a dia do produtor, o evento oferece condi\u00e7\u00f5es vantajosas de cr\u00e9dito para o setor que movimenta o pa\u00eds. Participe, atualize-se e aproveite as [&hellip;]<\/p>\n","protected":false},"author":3,"featured_media":2257,"comment_status":"open","ping_status":"open","sticky":false,"template":"","format":"standard","meta":{"footnotes":""},"categories":[25],"tags":[],"class_list":{"0":"post-2256","1":"post","2":"type-post","3":"status-publish","4":"format-standard","5":"has-post-thumbnail","7":"category-calendariodeeventos"},"_links":{"self":[{"href":"https:\/\/tveventos.tv.br\/index.php?rest_route=\/wp\/v2\/posts\/2256","targetHints":{"allow":["GET"]}}],"collection":[{"href":"https:\/\/tveventos.tv.br\/index.php?rest_route=\/wp\/v2\/posts"}],"about":[{"href":"https:\/\/tveventos.tv.br\/index.php?rest_route=\/wp\/v2\/types\/post"}],"author":[{"embeddable":true,"href":"https:\/\/tveventos.tv.br\/index.php?rest_route=\/wp\/v2\/users\/3"}],"replies":[{"embeddable":true,"href":"https:\/\/tveventos.tv.br\/index.php?rest_route=%2Fwp%2Fv2%2Fcomments&post=2256"}],"version-history":[{"count":1,"href":"https:\/\/tveventos.tv.br\/index.php?rest_route=\/wp\/v2\/posts\/2256\/revisions"}],"predecessor-version":[{"id":2258,"href":"https:\/\/tveventos.tv.br\/index.php?rest_route=\/wp\/v2\/posts\/2256\/revisions\/2258"}],"wp:featuredmedia":[{"embeddable":true,"href":"https:\/\/tveventos.tv.br\/index.php?rest_route=\/wp\/v2\/media\/2257"}],"wp:attachment":[{"href":"https:\/\/tveventos.tv.br\/index.php?rest_route=%2Fwp%2Fv2%2Fmedia&parent=2256"}],"wp:term":[{"taxonomy":"category","embeddable":true,"href":"https:\/\/tveventos.tv.br\/index.php?rest_route=%2Fwp%2Fv2%2Fcategories&post=2256"},{"taxonomy":"post_tag","embeddable":true,"href":"https:\/\/tveventos.tv.br\/index.php?rest_route=%2Fwp%2Fv2%2Ftags&post=2256"}],"curies":[{"name":"wp","href":"https:\/\/api.w.org\/{rel}","templated":true}]}}