{"id":2259,"date":"2024-06-17T18:25:03","date_gmt":"2024-06-17T21:25:03","guid":{"rendered":"https:\/\/tveventos.tv.br\/?p=2259"},"modified":"2024-06-17T18:25:06","modified_gmt":"2024-06-17T21:25:06","slug":"primeiro-dia-das-cces-sucesso-empresarial-e-conexoes-estrategicas-impulsionam-negocios-milionarios","status":"publish","type":"post","link":"https:\/\/tveventos.tv.br\/?p=2259","title":{"rendered":"Primeiro dia das CCEs: Sucesso Empresarial e Conex\u00f5es Estrat\u00e9gicas Impulsionam Neg\u00f3cios Milion\u00e1rios"},"content":{"rendered":"\n<p>O primeiro dia de CCEs foi extremamente produtivo e rent\u00e1vel para as empresas participantes da ronda de neg\u00f3cios. Os n\u00fameros falam por si: mais de R$ 22 milh\u00f5es em neg\u00f3cios foram gerados, e in\u00fameras conex\u00f5es e parcerias foram estabelecidas durante o evento.<\/p>\n\n\n\n<p>Em apenas duas horas de reuni\u00f5es curtas, novas oportunidades surgiram, impulsionando a visibilidade da marca tanto no mercado brasileiro quanto no cen\u00e1rio global.<\/p>\n\n\n\n<p>Os pr\u00f3prios expositores confirmam o impacto positivo do evento, como \u00e9 o caso de Gabriela Sousa, Representante de Pesquisa e Desenvolvimento da Amend Cosm\u00e9ticos, que destacou a import\u00e2ncia dessas rondas para se manterem atualizadas sobre o mercado e para estabelecer novos contatos: &#8220;Apreciamos iniciativas como esta, porque eles permitem-nos conhecer uns aos outros&#8221; novos fornecedores, actualizar-nos no mercado e descobrir produtos que v\u00e3o al\u00e9m do que j\u00e1 compramos. Essa troca de informa\u00e7\u00f5es \u00e9 muito valiosa. &#8220;<\/p>\n\n\n\n<p>No primeiro dia da FCE Pharma, mais de R$ 10 milh\u00f5es foram movimentados no neg\u00f3cio, com 40 compradores e oito representantes participando. Enquanto isso, a FCE Cosmetique registrou neg\u00f3cios e parcerias no valor de mais de R$ 12,8 milh\u00f5es.<\/p>\n","protected":false},"excerpt":{"rendered":"<p>O primeiro dia de CCEs foi extremamente produtivo e rent\u00e1vel para as empresas participantes da ronda de neg\u00f3cios. Os n\u00fameros falam por si: mais de R$ 22 milh\u00f5es em neg\u00f3cios foram gerados, e in\u00fameras conex\u00f5es e parcerias foram estabelecidas durante o evento. Em apenas duas horas de reuni\u00f5es curtas, novas oportunidades surgiram, impulsionando a visibilidade [&hellip;]<\/p>\n","protected":false},"author":3,"featured_media":2260,"comment_status":"open","ping_status":"open","sticky":false,"template":"","format":"standard","meta":{"footnotes":""},"categories":[23],"tags":[],"class_list":{"0":"post-2259","1":"post","2":"type-post","3":"status-publish","4":"format-standard","5":"has-post-thumbnail","7":"category-feirasdenegocios"},"_links":{"self":[{"href":"https:\/\/tveventos.tv.br\/index.php?rest_route=\/wp\/v2\/posts\/2259","targetHints":{"allow":["GET"]}}],"collection":[{"href":"https:\/\/tveventos.tv.br\/index.php?rest_route=\/wp\/v2\/posts"}],"about":[{"href":"https:\/\/tveventos.tv.br\/index.php?rest_route=\/wp\/v2\/types\/post"}],"author":[{"embeddable":true,"href":"https:\/\/tveventos.tv.br\/index.php?rest_route=\/wp\/v2\/users\/3"}],"replies":[{"embeddable":true,"href":"https:\/\/tveventos.tv.br\/index.php?rest_route=%2Fwp%2Fv2%2Fcomments&post=2259"}],"version-history":[{"count":1,"href":"https:\/\/tveventos.tv.br\/index.php?rest_route=\/wp\/v2\/posts\/2259\/revisions"}],"predecessor-version":[{"id":2261,"href":"https:\/\/tveventos.tv.br\/index.php?rest_route=\/wp\/v2\/posts\/2259\/revisions\/2261"}],"wp:featuredmedia":[{"embeddable":true,"href":"https:\/\/tveventos.tv.br\/index.php?rest_route=\/wp\/v2\/media\/2260"}],"wp:attachment":[{"href":"https:\/\/tveventos.tv.br\/index.php?rest_route=%2Fwp%2Fv2%2Fmedia&parent=2259"}],"wp:term":[{"taxonomy":"category","embeddable":true,"href":"https:\/\/tveventos.tv.br\/index.php?rest_route=%2Fwp%2Fv2%2Fcategories&post=2259"},{"taxonomy":"post_tag","embeddable":true,"href":"https:\/\/tveventos.tv.br\/index.php?rest_route=%2Fwp%2Fv2%2Ftags&post=2259"}],"curies":[{"name":"wp","href":"https:\/\/api.w.org\/{rel}","templated":true}]}}