{"id":2267,"date":"2024-06-18T13:12:45","date_gmt":"2024-06-18T16:12:45","guid":{"rendered":"https:\/\/tveventos.tv.br\/?p=2267"},"modified":"2024-06-18T13:12:50","modified_gmt":"2024-06-18T16:12:50","slug":"startse-aborda-tendencias-de-tecnologia-e-futuro-dos-negocios-no-ia-experience-2024","status":"publish","type":"post","link":"https:\/\/tveventos.tv.br\/?p=2267","title":{"rendered":"StartSe aborda tend\u00eancias de tecnologia e futuro dos neg\u00f3cios no IA Experience 2024"},"content":{"rendered":"\n<p class=\"has-text-align-center\">As mais recentes atualiza\u00e7\u00f5es e formas de como as empresas devem se adaptar \u00e0 IA ser\u00e3o debatidas no evento<\/p>\n\n\n\n<p><strong>&nbsp;<\/strong>Em pouco tempo, a Intelig\u00eancia Artificial n\u00e3o ser\u00e1 apenas um requisito extra e se tornar\u00e1 essencial para a relev\u00e2ncia das empresas nos neg\u00f3cios. \u00c9 com essa perspectiva, baseada nas movimenta\u00e7\u00f5es de big techs e demais companhias de tecnologia, que uma nova era se estabelece: a era da IA.<\/p>\n\n\n\n<p>No dia 20 de junho, acontece o IA Experience 2024, no Expo Center Norte, em S\u00e3o Paulo, evento organizado pela StartSe e que ser\u00e1 palco de conte\u00fados ministrados por experts como&nbsp;<strong>Alexandre Maioral,<\/strong>&nbsp;presidente da Oracle,&nbsp;<strong>Marcelo Zillo<\/strong>, Cloud Cybersecurity Leader Latam da AWS,&nbsp;<strong>William Maruiama<\/strong>, senior sales manager na Tencent Cloud, entre outros nomes.<\/p>\n\n\n\n<p>\u201cFalar sobre IA \u00e9 como falar sobre processos necess\u00e1rios para o funcionamento das empresas. Quem n\u00e3o se adequar a este momento que estamos vivendo certamente ficar\u00e1 para tr\u00e1s, como vimos em outras revolu\u00e7\u00f5es tecnol\u00f3gicas. A IA chegou para ficar, e os profissionais precisam extrair com precis\u00e3o e aplicar o conhecimento de forma objetiva em suas \u00e1reas de atua\u00e7\u00e3o. O futuro dos neg\u00f3cios est\u00e1 apenas come\u00e7ando\u201d, comenta Junior Borneli, CEO da StartSe.<\/p>\n\n\n\n<p>A imers\u00e3o ser\u00e1 presencial com transmiss\u00e3o on-line, compartilhando insights, estudos e hist\u00f3rias de sucesso. \u00c9tica e responsabilidade, estrat\u00e9gia de implementa\u00e7\u00e3o e machine learning s\u00e3o alguns dos temas que ser\u00e3o abordados. Os participantes receber\u00e3o certificado da StartSe.<\/p>\n\n\n\n<p><strong>Servi\u00e7o:<\/strong><\/p>\n\n\n\n<p><strong>IA Experience 2024<\/strong><\/p>\n\n\n\n<p>Data: 20 de junho<\/p>\n\n\n\n<p>Hor\u00e1rio: 9h \u00e0s 18h<\/p>\n\n\n\n<p>Local: Expo Center Norte (Rua Jos\u00e9 Bernardo Pinto, 333 &#8211; Vila Guilherme, S\u00e3o Paulo &#8211; SP, 02055-000)<\/p>\n\n\n\n<p><a href=\"https:\/\/www.startse.com\/ia-experience\/\">Inscri\u00e7\u00f5es pelo site (somente edi\u00e7\u00e3o on-line dispon\u00edvel)<\/a><\/p>\n\n\n\n<p><strong><em>Sobre a StartSe<\/em><\/strong><em>&nbsp;&#8211; Escola internacional de neg\u00f3cios criada especialmente para preparar l\u00edderes para um mundo em constante disrup\u00e7\u00e3o. Possui Hubs Internacionais de Conhecimento localizados no Vale do Sil\u00edcio, Miami, China, Portugal, Israel, Est\u00f4nia e S\u00e3o Paulo, onde o aprendizado acontece diretamente com os experts que est\u00e3o vivendo nas mais avan\u00e7adas fronteiras da transforma\u00e7\u00e3o dos mercados.<\/em><\/p>\n","protected":false},"excerpt":{"rendered":"<p>As mais recentes atualiza\u00e7\u00f5es e formas de como as empresas devem se adaptar \u00e0 IA ser\u00e3o debatidas no evento &nbsp;Em pouco tempo, a Intelig\u00eancia Artificial n\u00e3o ser\u00e1 apenas um requisito extra e se tornar\u00e1 essencial para a relev\u00e2ncia das empresas nos neg\u00f3cios. \u00c9 com essa perspectiva, baseada nas movimenta\u00e7\u00f5es de big techs e demais companhias [&hellip;]<\/p>\n","protected":false},"author":2,"featured_media":2268,"comment_status":"open","ping_status":"open","sticky":false,"template":"","format":"standard","meta":{"footnotes":""},"categories":[23],"tags":[],"class_list":{"0":"post-2267","1":"post","2":"type-post","3":"status-publish","4":"format-standard","5":"has-post-thumbnail","7":"category-feirasdenegocios"},"_links":{"self":[{"href":"https:\/\/tveventos.tv.br\/index.php?rest_route=\/wp\/v2\/posts\/2267","targetHints":{"allow":["GET"]}}],"collection":[{"href":"https:\/\/tveventos.tv.br\/index.php?rest_route=\/wp\/v2\/posts"}],"about":[{"href":"https:\/\/tveventos.tv.br\/index.php?rest_route=\/wp\/v2\/types\/post"}],"author":[{"embeddable":true,"href":"https:\/\/tveventos.tv.br\/index.php?rest_route=\/wp\/v2\/users\/2"}],"replies":[{"embeddable":true,"href":"https:\/\/tveventos.tv.br\/index.php?rest_route=%2Fwp%2Fv2%2Fcomments&post=2267"}],"version-history":[{"count":1,"href":"https:\/\/tveventos.tv.br\/index.php?rest_route=\/wp\/v2\/posts\/2267\/revisions"}],"predecessor-version":[{"id":2269,"href":"https:\/\/tveventos.tv.br\/index.php?rest_route=\/wp\/v2\/posts\/2267\/revisions\/2269"}],"wp:featuredmedia":[{"embeddable":true,"href":"https:\/\/tveventos.tv.br\/index.php?rest_route=\/wp\/v2\/media\/2268"}],"wp:attachment":[{"href":"https:\/\/tveventos.tv.br\/index.php?rest_route=%2Fwp%2Fv2%2Fmedia&parent=2267"}],"wp:term":[{"taxonomy":"category","embeddable":true,"href":"https:\/\/tveventos.tv.br\/index.php?rest_route=%2Fwp%2Fv2%2Fcategories&post=2267"},{"taxonomy":"post_tag","embeddable":true,"href":"https:\/\/tveventos.tv.br\/index.php?rest_route=%2Fwp%2Fv2%2Ftags&post=2267"}],"curies":[{"name":"wp","href":"https:\/\/api.w.org\/{rel}","templated":true}]}}