{"id":2270,"date":"2024-06-18T13:58:03","date_gmt":"2024-06-18T16:58:03","guid":{"rendered":"https:\/\/tveventos.tv.br\/?p=2270"},"modified":"2024-06-18T13:58:10","modified_gmt":"2024-06-18T16:58:10","slug":"falta-menos-de-um-mes-para-a-38a-edicao-da-abimad","status":"publish","type":"post","link":"https:\/\/tveventos.tv.br\/?p=2270","title":{"rendered":"Falta menos de um m\u00eas para a 38\u00aa edi\u00e7\u00e3o da ABIMAD"},"content":{"rendered":"\n<p><em>Com foco na gera\u00e7\u00e3o de neg\u00f3cios no segmento de m\u00f3veis e acess\u00f3rios de alta decora\u00e7\u00e3o, a feira acontece de 16 a 19 de julho.<\/em><\/p>\n\n\n\n<p>A ABIMAD, principal feira de m\u00f3veis e acess\u00f3rios de alta decora\u00e7\u00e3o da Am\u00e9rica Latina e \u00fanica do setor focada em neg\u00f3cios, est\u00e1 prestes a realizar sua 38\u00aa edi\u00e7\u00e3o. O evento acontece de 16 a 19 de julho, no S\u00e3o Paulo Expo, reunindo os maiores nomes da ind\u00fastria do mobili\u00e1rio, acess\u00f3rios e artigos de decora\u00e7\u00e3o, que apresentar\u00e3o as novidades e tend\u00eancias para um p\u00fablico seleto de lojistas do Brasil e do exterior.<\/p>\n\n\n\n<p>Nesta edi\u00e7\u00e3o, mais de 100 expositores estar\u00e3o distribu\u00eddos em uma \u00e1rea com mais de 25 mil m\u00b2 e expectativa de atrair mais de 10 mil visitantes. A ABIMAD\u201938 tamb\u00e9m contar\u00e1 com duas participa\u00e7\u00f5es in\u00e9ditas: a Sala Vip ser\u00e1 assinada pelo renomado arquiteto Renato Mendon\u00e7a, enquanto a Sala de Imprensa e a curadoria das pe\u00e7as \u201cBest in Show\u201d ser\u00e3o coordenadas pela jornalista Regina Galv\u00e3o, da Revista Habitare.<\/p>\n\n\n\n<p>\u00c0 frente do escrit\u00f3rio de arquitetura hom\u00f4nimo, Renato carrega consigo a carga afetiva de sua cria\u00e7\u00e3o e o estilo de vida de seus pais, refor\u00e7ando sua origem, suas cren\u00e7as e exteriorizando essa sensibilidade nos projetos que desenvolve. O gosto por uma arquitetura acolhedora o direcionou para o uso de materiais mais brutos e naturais, quase uma arquitetura emocional. O tijolo aparente, o piso de madeira de demoli\u00e7\u00e3o, o cimento queimado, somados com mobili\u00e1rio vanguardista norteiam seu estilo. Al\u00e9m de assinar a SALA VIP, o arquiteto assina o ambiente \u201cCasa \u00c1timo\u201d, projeto da CASACOR S\u00e3o Paulo 2024.<\/p>\n\n\n\n<p>Com 21 anos de hist\u00f3ria, a ABIMAD continua a ser uma plataforma vital para que os associados apresentem seus produtos. A feira oferece oportunidades \u00fanicas por meio de projetos de ambientes comuns, como a Sala Vip, onde os clientes VIPs nacionais ser\u00e3o recepcionados, e a Sala de Imprensa e Lounge Internacional, que receber\u00e3o jornalistas e compradores internacionais, respectivamente.<\/p>\n\n\n\n<p>Um destaque especial desta edi\u00e7\u00e3o ser\u00e1 a parceria oficializada com o Coletivo MUDA, que trar\u00e1 um espa\u00e7o de destaque na ABIMAD\u201938. O coletivo ir\u00e1 criar uma arte cin\u00e9tica exclusiva e expor outras obras, proporcionando uma experi\u00eancia visual inovadora para os visitantes. O Coletivo MUDA v\u00ea a cidade como um laborat\u00f3rio de transforma\u00e7\u00e3o. MUDA vem de mudan\u00e7a. Associada \u00e0 arte de rua, as suas interven\u00e7\u00f5es espaciais alteram de fato a natureza do Rio de Janeiro, onde espa\u00e7os p\u00fablicos servem de palco para as suas mais variadas manifesta\u00e7\u00f5es.<\/p>\n\n\n\n<p>J\u00e1 est\u00e1 aberto o credenciamento para a 38\u00aa edi\u00e7\u00e3o. A ABIMAD realiza duas edi\u00e7\u00f5es anuais, sendo a edi\u00e7\u00e3o de inverno a que ocorre no segundo semestre. Em 2024, a ABIMAD\u201938 promete novamente surpreender e inspirar com o melhor do design brasileiro e as principais tend\u00eancias do setor de decora\u00e7\u00e3o. E reunir os maiores nomes da ind\u00fastria do mobili\u00e1rio, acess\u00f3rios e artigos de decora\u00e7\u00e3o para apresentar as novidades e as principais tend\u00eancias para um p\u00fablico seleto de lojistas do Brasil e do exterior.<\/p>\n\n\n\n<p>Servi\u00e7o<\/p>\n\n\n\n<p>Feira ABIMAD &#8211; Feira Brasileira de M\u00f3veis e Acess\u00f3rios de Alta Decora\u00e7\u00e3o<\/p>\n\n\n\n<p>Data: 16 a 19 de julho de 2024<\/p>\n\n\n\n<p>Local: S\u00e3o Paulo Expo &#8211; Rod. dos Imigrantes, s\/n. Vila \u00c1gua Funda, S\u00e3o Paulo &#8211; SP<\/p>\n\n\n\n<p>Mais Informa\u00e7\u00f5es: <a href=\"http:\/\/www.abimad.com.br\/\">www.abimad.com.br<\/a><\/p>\n","protected":false},"excerpt":{"rendered":"<p>Com foco na gera\u00e7\u00e3o de neg\u00f3cios no segmento de m\u00f3veis e acess\u00f3rios de alta decora\u00e7\u00e3o, a feira acontece de 16 a 19 de julho. A ABIMAD, principal feira de m\u00f3veis e acess\u00f3rios de alta decora\u00e7\u00e3o da Am\u00e9rica Latina e \u00fanica do setor focada em neg\u00f3cios, est\u00e1 prestes a realizar sua 38\u00aa edi\u00e7\u00e3o. O evento acontece [&hellip;]<\/p>\n","protected":false},"author":3,"featured_media":2271,"comment_status":"open","ping_status":"open","sticky":false,"template":"","format":"standard","meta":{"footnotes":""},"categories":[23],"tags":[],"class_list":{"0":"post-2270","1":"post","2":"type-post","3":"status-publish","4":"format-standard","5":"has-post-thumbnail","7":"category-feirasdenegocios"},"_links":{"self":[{"href":"https:\/\/tveventos.tv.br\/index.php?rest_route=\/wp\/v2\/posts\/2270","targetHints":{"allow":["GET"]}}],"collection":[{"href":"https:\/\/tveventos.tv.br\/index.php?rest_route=\/wp\/v2\/posts"}],"about":[{"href":"https:\/\/tveventos.tv.br\/index.php?rest_route=\/wp\/v2\/types\/post"}],"author":[{"embeddable":true,"href":"https:\/\/tveventos.tv.br\/index.php?rest_route=\/wp\/v2\/users\/3"}],"replies":[{"embeddable":true,"href":"https:\/\/tveventos.tv.br\/index.php?rest_route=%2Fwp%2Fv2%2Fcomments&post=2270"}],"version-history":[{"count":1,"href":"https:\/\/tveventos.tv.br\/index.php?rest_route=\/wp\/v2\/posts\/2270\/revisions"}],"predecessor-version":[{"id":2272,"href":"https:\/\/tveventos.tv.br\/index.php?rest_route=\/wp\/v2\/posts\/2270\/revisions\/2272"}],"wp:featuredmedia":[{"embeddable":true,"href":"https:\/\/tveventos.tv.br\/index.php?rest_route=\/wp\/v2\/media\/2271"}],"wp:attachment":[{"href":"https:\/\/tveventos.tv.br\/index.php?rest_route=%2Fwp%2Fv2%2Fmedia&parent=2270"}],"wp:term":[{"taxonomy":"category","embeddable":true,"href":"https:\/\/tveventos.tv.br\/index.php?rest_route=%2Fwp%2Fv2%2Fcategories&post=2270"},{"taxonomy":"post_tag","embeddable":true,"href":"https:\/\/tveventos.tv.br\/index.php?rest_route=%2Fwp%2Fv2%2Ftags&post=2270"}],"curies":[{"name":"wp","href":"https:\/\/api.w.org\/{rel}","templated":true}]}}