{"id":2276,"date":"2024-06-18T15:45:34","date_gmt":"2024-06-18T18:45:34","guid":{"rendered":"https:\/\/tveventos.tv.br\/?p=2276"},"modified":"2024-06-18T15:45:37","modified_gmt":"2024-06-18T18:45:37","slug":"fispal-tecnologia","status":"publish","type":"post","link":"https:\/\/tveventos.tv.br\/?p=2276","title":{"rendered":"FISPAL Tecnologia"},"content":{"rendered":"\n<p>Neste ano, a Fispal Tecnologia completa 40 anos de hist\u00f3ria, emergindo como a principal plataforma de conex\u00e3o na ind\u00fastria de alimentos e bebidas da Am\u00e9rica do Sul, e marcando n\u00e3o apenas d\u00e9cadas de exist\u00eancia, mas uma jornada rica de aprendizados, inova\u00e7\u00e3o e evolu\u00e7\u00e3o constante. Nos \u00faltimos 40 anos, impactou a vida de milhares de profissionais em todo o mundo, seguindo com o compromisso de colaborar para o crescimento sustent\u00e1vel da ind\u00fastria, por meio do evento, da plataforma digital e do canal de conte\u00fado.<\/p>\n\n\n\n<p>Junte-se a n\u00f3s nos dias 18 a 21 de junho das 13h \u00e0s 20h, no S\u00e3o Paulo Expo.<\/p>\n\n\n\n<p>Endere\u00e7o: Rod. dos Imigrantes 5, S\/N, km. 1, S\u00e3o Paulo, SP, 04329-900&nbsp;<\/p>\n","protected":false},"excerpt":{"rendered":"<p>Neste ano, a Fispal Tecnologia completa 40 anos de hist\u00f3ria, emergindo como a principal plataforma de conex\u00e3o na ind\u00fastria de alimentos e bebidas da Am\u00e9rica do Sul, e marcando n\u00e3o apenas d\u00e9cadas de exist\u00eancia, mas uma jornada rica de aprendizados, inova\u00e7\u00e3o e evolu\u00e7\u00e3o constante. Nos \u00faltimos 40 anos, impactou a vida de milhares de profissionais [&hellip;]<\/p>\n","protected":false},"author":3,"featured_media":2277,"comment_status":"open","ping_status":"open","sticky":false,"template":"","format":"standard","meta":{"footnotes":""},"categories":[25],"tags":[],"class_list":{"0":"post-2276","1":"post","2":"type-post","3":"status-publish","4":"format-standard","5":"has-post-thumbnail","7":"category-calendariodeeventos"},"_links":{"self":[{"href":"https:\/\/tveventos.tv.br\/index.php?rest_route=\/wp\/v2\/posts\/2276","targetHints":{"allow":["GET"]}}],"collection":[{"href":"https:\/\/tveventos.tv.br\/index.php?rest_route=\/wp\/v2\/posts"}],"about":[{"href":"https:\/\/tveventos.tv.br\/index.php?rest_route=\/wp\/v2\/types\/post"}],"author":[{"embeddable":true,"href":"https:\/\/tveventos.tv.br\/index.php?rest_route=\/wp\/v2\/users\/3"}],"replies":[{"embeddable":true,"href":"https:\/\/tveventos.tv.br\/index.php?rest_route=%2Fwp%2Fv2%2Fcomments&post=2276"}],"version-history":[{"count":1,"href":"https:\/\/tveventos.tv.br\/index.php?rest_route=\/wp\/v2\/posts\/2276\/revisions"}],"predecessor-version":[{"id":2278,"href":"https:\/\/tveventos.tv.br\/index.php?rest_route=\/wp\/v2\/posts\/2276\/revisions\/2278"}],"wp:featuredmedia":[{"embeddable":true,"href":"https:\/\/tveventos.tv.br\/index.php?rest_route=\/wp\/v2\/media\/2277"}],"wp:attachment":[{"href":"https:\/\/tveventos.tv.br\/index.php?rest_route=%2Fwp%2Fv2%2Fmedia&parent=2276"}],"wp:term":[{"taxonomy":"category","embeddable":true,"href":"https:\/\/tveventos.tv.br\/index.php?rest_route=%2Fwp%2Fv2%2Fcategories&post=2276"},{"taxonomy":"post_tag","embeddable":true,"href":"https:\/\/tveventos.tv.br\/index.php?rest_route=%2Fwp%2Fv2%2Ftags&post=2276"}],"curies":[{"name":"wp","href":"https:\/\/api.w.org\/{rel}","templated":true}]}}