{"id":2279,"date":"2024-06-18T15:56:50","date_gmt":"2024-06-18T18:56:50","guid":{"rendered":"https:\/\/tveventos.tv.br\/?p=2279"},"modified":"2024-06-18T15:56:52","modified_gmt":"2024-06-18T18:56:52","slug":"tecnocarne","status":"publish","type":"post","link":"https:\/\/tveventos.tv.br\/?p=2279","title":{"rendered":"TecnoCarne"},"content":{"rendered":"\n<p>A TecnoCarne contribui para o desenvolvimento da ind\u00fastria de prote\u00edna animal h\u00e1 17 anos. Considerada o encontro oficial dos frigor\u00edficos, a feira conta com a participa\u00e7\u00e3o dos maiores fornecedores do setor e mais de 44 mil visitantes. Al\u00e9m da exposi\u00e7\u00e3o, o evento conta com uma programa\u00e7\u00e3o extensa de palestras e atra\u00e7\u00f5es que abordam temas de grande relev\u00e2ncia para a ind\u00fastria de prote\u00edna animal, proporcionando insights e discuss\u00f5es sobre o futuro do setor, abrangendo desde as \u00faltimas inova\u00e7\u00f5es tecnol\u00f3gicas at\u00e9 estrat\u00e9gias sustent\u00e1veis, tend\u00eancias de mercado, e pr\u00e1ticas de gest\u00e3o eficazes.<\/p>\n\n\n\n<p>Junte-se a n\u00f3s nos dias 18 a 21 de junho, no S\u00e3o Paulo Expo.<\/p>\n\n\n\n<p>Hor\u00e1rios: 18\/06 a 20\/06 das 13h \u00e0s 20h;<\/p>\n\n\n\n<p>21\/06 das 13h \u00e0s 18h.<\/p>\n\n\n\n<p>Endere\u00e7o: Rod. dos Imigrantes 5, S\/N, km. 1, S\u00e3o Paulo, SP, 04329-900&nbsp;<\/p>\n","protected":false},"excerpt":{"rendered":"<p>A TecnoCarne contribui para o desenvolvimento da ind\u00fastria de prote\u00edna animal h\u00e1 17 anos. Considerada o encontro oficial dos frigor\u00edficos, a feira conta com a participa\u00e7\u00e3o dos maiores fornecedores do setor e mais de 44 mil visitantes. Al\u00e9m da exposi\u00e7\u00e3o, o evento conta com uma programa\u00e7\u00e3o extensa de palestras e atra\u00e7\u00f5es que abordam temas de [&hellip;]<\/p>\n","protected":false},"author":3,"featured_media":2280,"comment_status":"open","ping_status":"open","sticky":false,"template":"","format":"standard","meta":{"footnotes":""},"categories":[25],"tags":[],"class_list":{"0":"post-2279","1":"post","2":"type-post","3":"status-publish","4":"format-standard","5":"has-post-thumbnail","7":"category-calendariodeeventos"},"_links":{"self":[{"href":"https:\/\/tveventos.tv.br\/index.php?rest_route=\/wp\/v2\/posts\/2279","targetHints":{"allow":["GET"]}}],"collection":[{"href":"https:\/\/tveventos.tv.br\/index.php?rest_route=\/wp\/v2\/posts"}],"about":[{"href":"https:\/\/tveventos.tv.br\/index.php?rest_route=\/wp\/v2\/types\/post"}],"author":[{"embeddable":true,"href":"https:\/\/tveventos.tv.br\/index.php?rest_route=\/wp\/v2\/users\/3"}],"replies":[{"embeddable":true,"href":"https:\/\/tveventos.tv.br\/index.php?rest_route=%2Fwp%2Fv2%2Fcomments&post=2279"}],"version-history":[{"count":2,"href":"https:\/\/tveventos.tv.br\/index.php?rest_route=\/wp\/v2\/posts\/2279\/revisions"}],"predecessor-version":[{"id":2282,"href":"https:\/\/tveventos.tv.br\/index.php?rest_route=\/wp\/v2\/posts\/2279\/revisions\/2282"}],"wp:featuredmedia":[{"embeddable":true,"href":"https:\/\/tveventos.tv.br\/index.php?rest_route=\/wp\/v2\/media\/2280"}],"wp:attachment":[{"href":"https:\/\/tveventos.tv.br\/index.php?rest_route=%2Fwp%2Fv2%2Fmedia&parent=2279"}],"wp:term":[{"taxonomy":"category","embeddable":true,"href":"https:\/\/tveventos.tv.br\/index.php?rest_route=%2Fwp%2Fv2%2Fcategories&post=2279"},{"taxonomy":"post_tag","embeddable":true,"href":"https:\/\/tveventos.tv.br\/index.php?rest_route=%2Fwp%2Fv2%2Ftags&post=2279"}],"curies":[{"name":"wp","href":"https:\/\/api.w.org\/{rel}","templated":true}]}}