{"id":2283,"date":"2024-06-18T16:21:04","date_gmt":"2024-06-18T19:21:04","guid":{"rendered":"https:\/\/tveventos.tv.br\/?p=2283"},"modified":"2024-06-18T16:21:06","modified_gmt":"2024-06-18T19:21:06","slug":"fenaf","status":"publish","type":"post","link":"https:\/\/tveventos.tv.br\/?p=2283","title":{"rendered":"FENAF"},"content":{"rendered":"\n<p>A FENAF 2024 \u00e9 a Feira Latino-Americana de Fundi\u00e7\u00e3o, que acontece a cada dois anos em S\u00e3o Paulo. Neste ano, ser\u00e1 a 20\u00aa edi\u00e7\u00e3o, reunindo profissionais de toda a cadeia de fundi\u00e7\u00e3o.<\/p>\n\n\n\n<p>Junte-se a n\u00f3s nos dias 18 a 21 de junho das 13h \u00e0s 20h, no Expo Center Norte.<\/p>\n\n\n\n<p>Endere\u00e7o: Rua Jos\u00e9 Bernardo Pinto, 333 &#8211; Vila Guilherme, S\u00e3o Paulo\/SP<\/p>\n","protected":false},"excerpt":{"rendered":"<p>A FENAF 2024 \u00e9 a Feira Latino-Americana de Fundi\u00e7\u00e3o, que acontece a cada dois anos em S\u00e3o Paulo. Neste ano, ser\u00e1 a 20\u00aa edi\u00e7\u00e3o, reunindo profissionais de toda a cadeia de fundi\u00e7\u00e3o. Junte-se a n\u00f3s nos dias 18 a 21 de junho das 13h \u00e0s 20h, no Expo Center Norte. Endere\u00e7o: Rua Jos\u00e9 Bernardo Pinto, [&hellip;]<\/p>\n","protected":false},"author":3,"featured_media":2284,"comment_status":"open","ping_status":"open","sticky":false,"template":"","format":"standard","meta":{"footnotes":""},"categories":[25],"tags":[],"class_list":{"0":"post-2283","1":"post","2":"type-post","3":"status-publish","4":"format-standard","5":"has-post-thumbnail","7":"category-calendariodeeventos"},"_links":{"self":[{"href":"https:\/\/tveventos.tv.br\/index.php?rest_route=\/wp\/v2\/posts\/2283","targetHints":{"allow":["GET"]}}],"collection":[{"href":"https:\/\/tveventos.tv.br\/index.php?rest_route=\/wp\/v2\/posts"}],"about":[{"href":"https:\/\/tveventos.tv.br\/index.php?rest_route=\/wp\/v2\/types\/post"}],"author":[{"embeddable":true,"href":"https:\/\/tveventos.tv.br\/index.php?rest_route=\/wp\/v2\/users\/3"}],"replies":[{"embeddable":true,"href":"https:\/\/tveventos.tv.br\/index.php?rest_route=%2Fwp%2Fv2%2Fcomments&post=2283"}],"version-history":[{"count":1,"href":"https:\/\/tveventos.tv.br\/index.php?rest_route=\/wp\/v2\/posts\/2283\/revisions"}],"predecessor-version":[{"id":2285,"href":"https:\/\/tveventos.tv.br\/index.php?rest_route=\/wp\/v2\/posts\/2283\/revisions\/2285"}],"wp:featuredmedia":[{"embeddable":true,"href":"https:\/\/tveventos.tv.br\/index.php?rest_route=\/wp\/v2\/media\/2284"}],"wp:attachment":[{"href":"https:\/\/tveventos.tv.br\/index.php?rest_route=%2Fwp%2Fv2%2Fmedia&parent=2283"}],"wp:term":[{"taxonomy":"category","embeddable":true,"href":"https:\/\/tveventos.tv.br\/index.php?rest_route=%2Fwp%2Fv2%2Fcategories&post=2283"},{"taxonomy":"post_tag","embeddable":true,"href":"https:\/\/tveventos.tv.br\/index.php?rest_route=%2Fwp%2Fv2%2Ftags&post=2283"}],"curies":[{"name":"wp","href":"https:\/\/api.w.org\/{rel}","templated":true}]}}