{"id":2286,"date":"2024-06-18T16:32:50","date_gmt":"2024-06-18T19:32:50","guid":{"rendered":"https:\/\/tveventos.tv.br\/?p=2286"},"modified":"2024-06-18T16:32:53","modified_gmt":"2024-06-18T19:32:53","slug":"cbtd","status":"publish","type":"post","link":"https:\/\/tveventos.tv.br\/?p=2286","title":{"rendered":"CBTD"},"content":{"rendered":"\n<p>O CBTD 2024 \u00e9 o maior evento focado em profissionais que desenvolvem pessoas nas organiza\u00e7\u00f5es, sejam eles l\u00edderes ou profissionais da \u00e1rea de T&amp;D. A 39\u00aa edi\u00e7\u00e3o do Congresso tamb\u00e9m contar\u00e1 com uma plataforma online onde ser\u00e3o disponibilizadas atividades gravadas, al\u00e9m de um excelente espa\u00e7o de trocas e relacionamento entre os participantes.&nbsp;<\/p>\n\n\n\n<p>Junte-se a n\u00f3s nos dias 19 a 21 de junho das 08h \u00e0s 19h, no Pro Magno.<\/p>\n\n\n\n<p>Endere\u00e7o: Avenida Professora Ida Kolb 513, S\u00e3o Paulo, S\u00e3o Paulo, 02518-000<\/p>\n","protected":false},"excerpt":{"rendered":"<p>O CBTD 2024 \u00e9 o maior evento focado em profissionais que desenvolvem pessoas nas organiza\u00e7\u00f5es, sejam eles l\u00edderes ou profissionais da \u00e1rea de T&amp;D. A 39\u00aa edi\u00e7\u00e3o do Congresso tamb\u00e9m contar\u00e1 com uma plataforma online onde ser\u00e3o disponibilizadas atividades gravadas, al\u00e9m de um excelente espa\u00e7o de trocas e relacionamento entre os participantes.&nbsp; Junte-se a n\u00f3s [&hellip;]<\/p>\n","protected":false},"author":3,"featured_media":2287,"comment_status":"open","ping_status":"open","sticky":false,"template":"","format":"standard","meta":{"footnotes":""},"categories":[25],"tags":[],"class_list":{"0":"post-2286","1":"post","2":"type-post","3":"status-publish","4":"format-standard","5":"has-post-thumbnail","7":"category-calendariodeeventos"},"_links":{"self":[{"href":"https:\/\/tveventos.tv.br\/index.php?rest_route=\/wp\/v2\/posts\/2286","targetHints":{"allow":["GET"]}}],"collection":[{"href":"https:\/\/tveventos.tv.br\/index.php?rest_route=\/wp\/v2\/posts"}],"about":[{"href":"https:\/\/tveventos.tv.br\/index.php?rest_route=\/wp\/v2\/types\/post"}],"author":[{"embeddable":true,"href":"https:\/\/tveventos.tv.br\/index.php?rest_route=\/wp\/v2\/users\/3"}],"replies":[{"embeddable":true,"href":"https:\/\/tveventos.tv.br\/index.php?rest_route=%2Fwp%2Fv2%2Fcomments&post=2286"}],"version-history":[{"count":1,"href":"https:\/\/tveventos.tv.br\/index.php?rest_route=\/wp\/v2\/posts\/2286\/revisions"}],"predecessor-version":[{"id":2288,"href":"https:\/\/tveventos.tv.br\/index.php?rest_route=\/wp\/v2\/posts\/2286\/revisions\/2288"}],"wp:featuredmedia":[{"embeddable":true,"href":"https:\/\/tveventos.tv.br\/index.php?rest_route=\/wp\/v2\/media\/2287"}],"wp:attachment":[{"href":"https:\/\/tveventos.tv.br\/index.php?rest_route=%2Fwp%2Fv2%2Fmedia&parent=2286"}],"wp:term":[{"taxonomy":"category","embeddable":true,"href":"https:\/\/tveventos.tv.br\/index.php?rest_route=%2Fwp%2Fv2%2Fcategories&post=2286"},{"taxonomy":"post_tag","embeddable":true,"href":"https:\/\/tveventos.tv.br\/index.php?rest_route=%2Fwp%2Fv2%2Ftags&post=2286"}],"curies":[{"name":"wp","href":"https:\/\/api.w.org\/{rel}","templated":true}]}}