{"id":2289,"date":"2024-06-18T16:43:17","date_gmt":"2024-06-18T19:43:17","guid":{"rendered":"https:\/\/tveventos.tv.br\/?p=2289"},"modified":"2024-06-18T16:43:19","modified_gmt":"2024-06-18T19:43:19","slug":"full-face","status":"publish","type":"post","link":"https:\/\/tveventos.tv.br\/?p=2289","title":{"rendered":"Full Face"},"content":{"rendered":"\n<p>O Congresso Full Face \u00e9 o palco principal quando o assunto \u00e9 Harmoniza\u00e7\u00e3o Facial. Durante 4 dias de evento o foco \u00e9 disseminar o conhecimento com v\u00e1rios assuntos e t\u00e9cnicas inovadoras da harmoniza\u00e7\u00e3o facial. Uma verdadeira experi\u00eancia imersiva com os melhores professores da atualidade, que ensinam do planejamento \u00e0 execu\u00e7\u00e3o.<\/p>\n\n\n\n<p>Junte-se a n\u00f3s nos dias 19 a 22 de junho, no Distrito Anhembi.<\/p>\n\n\n\n<p>Endere\u00e7o: Avenida Olavo Fontoura, N\u00b0 1. 209\/Santana, S\u00e3o Paulo, SP, 02012-021&nbsp;<\/p>\n","protected":false},"excerpt":{"rendered":"<p>O Congresso Full Face \u00e9 o palco principal quando o assunto \u00e9 Harmoniza\u00e7\u00e3o Facial. Durante 4 dias de evento o foco \u00e9 disseminar o conhecimento com v\u00e1rios assuntos e t\u00e9cnicas inovadoras da harmoniza\u00e7\u00e3o facial. Uma verdadeira experi\u00eancia imersiva com os melhores professores da atualidade, que ensinam do planejamento \u00e0 execu\u00e7\u00e3o. Junte-se a n\u00f3s nos dias [&hellip;]<\/p>\n","protected":false},"author":3,"featured_media":2290,"comment_status":"open","ping_status":"open","sticky":false,"template":"","format":"standard","meta":{"footnotes":""},"categories":[25],"tags":[],"class_list":{"0":"post-2289","1":"post","2":"type-post","3":"status-publish","4":"format-standard","5":"has-post-thumbnail","7":"category-calendariodeeventos"},"_links":{"self":[{"href":"https:\/\/tveventos.tv.br\/index.php?rest_route=\/wp\/v2\/posts\/2289","targetHints":{"allow":["GET"]}}],"collection":[{"href":"https:\/\/tveventos.tv.br\/index.php?rest_route=\/wp\/v2\/posts"}],"about":[{"href":"https:\/\/tveventos.tv.br\/index.php?rest_route=\/wp\/v2\/types\/post"}],"author":[{"embeddable":true,"href":"https:\/\/tveventos.tv.br\/index.php?rest_route=\/wp\/v2\/users\/3"}],"replies":[{"embeddable":true,"href":"https:\/\/tveventos.tv.br\/index.php?rest_route=%2Fwp%2Fv2%2Fcomments&post=2289"}],"version-history":[{"count":1,"href":"https:\/\/tveventos.tv.br\/index.php?rest_route=\/wp\/v2\/posts\/2289\/revisions"}],"predecessor-version":[{"id":2291,"href":"https:\/\/tveventos.tv.br\/index.php?rest_route=\/wp\/v2\/posts\/2289\/revisions\/2291"}],"wp:featuredmedia":[{"embeddable":true,"href":"https:\/\/tveventos.tv.br\/index.php?rest_route=\/wp\/v2\/media\/2290"}],"wp:attachment":[{"href":"https:\/\/tveventos.tv.br\/index.php?rest_route=%2Fwp%2Fv2%2Fmedia&parent=2289"}],"wp:term":[{"taxonomy":"category","embeddable":true,"href":"https:\/\/tveventos.tv.br\/index.php?rest_route=%2Fwp%2Fv2%2Fcategories&post=2289"},{"taxonomy":"post_tag","embeddable":true,"href":"https:\/\/tveventos.tv.br\/index.php?rest_route=%2Fwp%2Fv2%2Ftags&post=2289"}],"curies":[{"name":"wp","href":"https:\/\/api.w.org\/{rel}","templated":true}]}}