{"id":2292,"date":"2024-06-18T16:48:17","date_gmt":"2024-06-18T19:48:17","guid":{"rendered":"https:\/\/tveventos.tv.br\/?p=2292"},"modified":"2024-06-18T16:48:20","modified_gmt":"2024-06-18T19:48:20","slug":"amwc","status":"publish","type":"post","link":"https:\/\/tveventos.tv.br\/?p=2292","title":{"rendered":"AMWC\u00a0"},"content":{"rendered":"\n<p>O AMWC Brazil \u00e9 o maior congresso m\u00e9dico com foco em est\u00e9tica m\u00e9dica do pa\u00eds. Nesta edi\u00e7\u00e3o, ser\u00e3o mais de 20 cursos pr\u00e1ticos pr\u00e9-congresso, 5 salas simult\u00e2neas com workshops, procedimentos ao vivo, conte\u00fado cient\u00edfico, gest\u00e3o de cl\u00ednicas e mais de 250 palestrantes durante os 3 dias de congresso.<\/p>\n\n\n\n<p>Junte-se a n\u00f3s nos dias 20 a 22 de junho das 08h \u00e0s 18h, no Centro de Conven\u00e7\u00f5es Frei Caneca.<\/p>\n\n\n\n<p>Endere\u00e7o: Rua Frei Caneca 569, S\u00e3o Paulo, SP, 01307-001&nbsp;<\/p>\n","protected":false},"excerpt":{"rendered":"<p>O AMWC Brazil \u00e9 o maior congresso m\u00e9dico com foco em est\u00e9tica m\u00e9dica do pa\u00eds. Nesta edi\u00e7\u00e3o, ser\u00e3o mais de 20 cursos pr\u00e1ticos pr\u00e9-congresso, 5 salas simult\u00e2neas com workshops, procedimentos ao vivo, conte\u00fado cient\u00edfico, gest\u00e3o de cl\u00ednicas e mais de 250 palestrantes durante os 3 dias de congresso. Junte-se a n\u00f3s nos dias 20 a [&hellip;]<\/p>\n","protected":false},"author":3,"featured_media":2293,"comment_status":"open","ping_status":"open","sticky":false,"template":"","format":"standard","meta":{"footnotes":""},"categories":[25],"tags":[],"class_list":{"0":"post-2292","1":"post","2":"type-post","3":"status-publish","4":"format-standard","5":"has-post-thumbnail","7":"category-calendariodeeventos"},"_links":{"self":[{"href":"https:\/\/tveventos.tv.br\/index.php?rest_route=\/wp\/v2\/posts\/2292","targetHints":{"allow":["GET"]}}],"collection":[{"href":"https:\/\/tveventos.tv.br\/index.php?rest_route=\/wp\/v2\/posts"}],"about":[{"href":"https:\/\/tveventos.tv.br\/index.php?rest_route=\/wp\/v2\/types\/post"}],"author":[{"embeddable":true,"href":"https:\/\/tveventos.tv.br\/index.php?rest_route=\/wp\/v2\/users\/3"}],"replies":[{"embeddable":true,"href":"https:\/\/tveventos.tv.br\/index.php?rest_route=%2Fwp%2Fv2%2Fcomments&post=2292"}],"version-history":[{"count":1,"href":"https:\/\/tveventos.tv.br\/index.php?rest_route=\/wp\/v2\/posts\/2292\/revisions"}],"predecessor-version":[{"id":2294,"href":"https:\/\/tveventos.tv.br\/index.php?rest_route=\/wp\/v2\/posts\/2292\/revisions\/2294"}],"wp:featuredmedia":[{"embeddable":true,"href":"https:\/\/tveventos.tv.br\/index.php?rest_route=\/wp\/v2\/media\/2293"}],"wp:attachment":[{"href":"https:\/\/tveventos.tv.br\/index.php?rest_route=%2Fwp%2Fv2%2Fmedia&parent=2292"}],"wp:term":[{"taxonomy":"category","embeddable":true,"href":"https:\/\/tveventos.tv.br\/index.php?rest_route=%2Fwp%2Fv2%2Fcategories&post=2292"},{"taxonomy":"post_tag","embeddable":true,"href":"https:\/\/tveventos.tv.br\/index.php?rest_route=%2Fwp%2Fv2%2Ftags&post=2292"}],"curies":[{"name":"wp","href":"https:\/\/api.w.org\/{rel}","templated":true}]}}