{"id":2295,"date":"2024-06-18T16:54:28","date_gmt":"2024-06-18T19:54:28","guid":{"rendered":"https:\/\/tveventos.tv.br\/?p=2295"},"modified":"2024-06-18T16:54:30","modified_gmt":"2024-06-18T19:54:30","slug":"agrotech","status":"publish","type":"post","link":"https:\/\/tveventos.tv.br\/?p=2295","title":{"rendered":"Agrotech"},"content":{"rendered":"\n<p>O Futuro do Agro tem data e local para acontecer. Os maiores nomes do agroneg\u00f3cio reunidos no principal evento de inova\u00e7\u00e3o do setor para discutir tend\u00eancias, tecnologias e solu\u00e7\u00f5es para o mercado mais importante do Brasil.<\/p>\n\n\n\n<p>Junte-se a n\u00f3s nos dias 21 de junho das 09h \u00e0s 18h, no Expo Center Norte.<\/p>\n\n\n\n<p>Endere\u00e7o: Rua Jos\u00e9 Bernardo Pinto, 333 &#8211; Vila Guilherme, S\u00e3o Paulo\/SP<\/p>\n","protected":false},"excerpt":{"rendered":"<p>O Futuro do Agro tem data e local para acontecer. Os maiores nomes do agroneg\u00f3cio reunidos no principal evento de inova\u00e7\u00e3o do setor para discutir tend\u00eancias, tecnologias e solu\u00e7\u00f5es para o mercado mais importante do Brasil. Junte-se a n\u00f3s nos dias 21 de junho das 09h \u00e0s 18h, no Expo Center Norte. Endere\u00e7o: Rua Jos\u00e9 [&hellip;]<\/p>\n","protected":false},"author":3,"featured_media":2296,"comment_status":"open","ping_status":"open","sticky":false,"template":"","format":"standard","meta":{"footnotes":""},"categories":[25],"tags":[],"class_list":{"0":"post-2295","1":"post","2":"type-post","3":"status-publish","4":"format-standard","5":"has-post-thumbnail","7":"category-calendariodeeventos"},"_links":{"self":[{"href":"https:\/\/tveventos.tv.br\/index.php?rest_route=\/wp\/v2\/posts\/2295","targetHints":{"allow":["GET"]}}],"collection":[{"href":"https:\/\/tveventos.tv.br\/index.php?rest_route=\/wp\/v2\/posts"}],"about":[{"href":"https:\/\/tveventos.tv.br\/index.php?rest_route=\/wp\/v2\/types\/post"}],"author":[{"embeddable":true,"href":"https:\/\/tveventos.tv.br\/index.php?rest_route=\/wp\/v2\/users\/3"}],"replies":[{"embeddable":true,"href":"https:\/\/tveventos.tv.br\/index.php?rest_route=%2Fwp%2Fv2%2Fcomments&post=2295"}],"version-history":[{"count":1,"href":"https:\/\/tveventos.tv.br\/index.php?rest_route=\/wp\/v2\/posts\/2295\/revisions"}],"predecessor-version":[{"id":2297,"href":"https:\/\/tveventos.tv.br\/index.php?rest_route=\/wp\/v2\/posts\/2295\/revisions\/2297"}],"wp:featuredmedia":[{"embeddable":true,"href":"https:\/\/tveventos.tv.br\/index.php?rest_route=\/wp\/v2\/media\/2296"}],"wp:attachment":[{"href":"https:\/\/tveventos.tv.br\/index.php?rest_route=%2Fwp%2Fv2%2Fmedia&parent=2295"}],"wp:term":[{"taxonomy":"category","embeddable":true,"href":"https:\/\/tveventos.tv.br\/index.php?rest_route=%2Fwp%2Fv2%2Fcategories&post=2295"},{"taxonomy":"post_tag","embeddable":true,"href":"https:\/\/tveventos.tv.br\/index.php?rest_route=%2Fwp%2Fv2%2Ftags&post=2295"}],"curies":[{"name":"wp","href":"https:\/\/api.w.org\/{rel}","templated":true}]}}