{"id":2298,"date":"2024-06-18T17:11:01","date_gmt":"2024-06-18T20:11:01","guid":{"rendered":"https:\/\/tveventos.tv.br\/?p=2298"},"modified":"2024-06-18T17:11:04","modified_gmt":"2024-06-18T20:11:04","slug":"sao-paulo-coffee-festival","status":"publish","type":"post","link":"https:\/\/tveventos.tv.br\/?p=2298","title":{"rendered":"S\u00e3o Paulo Coffee Festival"},"content":{"rendered":"\n<p>Realizado h\u00e1 mais de dez anos em diversos pa\u00edses, o Coffee Festival acontece em S\u00e3o Paulo e comemora a cena do caf\u00e9 especial nesta grande cidade. Com excelentes caf\u00e9s, comidas, coquet\u00e9is, m\u00fasicas ao vivo e artes, \u00e9 um evento imperd\u00edvel para todos os amantes da bebida.&nbsp; O S\u00e3o Paulo Coffee Festival \u00e9 uma celebra\u00e7\u00e3o da comunidade e da cultura do caf\u00e9, seja voc\u00ea iniciante, coffee lover, barista, mestre de torras ou dono de cafeteria, estamos organizando um programa imersivo para voc\u00ea.&nbsp;&nbsp;<\/p>\n\n\n\n<p>Junte-se a n\u00f3s nos dias 21 a 23 de junho, no Pavilh\u00e3o da Bienal no Parque Ibirapuera.&nbsp;<\/p>\n\n\n\n<p>Hor\u00e1rios: 21 de junho das das 14 \u00e0s 21hs;<\/p>\n\n\n\n<p>22 e 23 de junho&nbsp; das 10 \u00e0s 18hs.<\/p>\n\n\n\n<p>Endere\u00e7o: Avenida Pedro \u00c1lvares Cabral, s\/n, CEP 04094-000<\/p>\n","protected":false},"excerpt":{"rendered":"<p>Realizado h\u00e1 mais de dez anos em diversos pa\u00edses, o Coffee Festival acontece em S\u00e3o Paulo e comemora a cena do caf\u00e9 especial nesta grande cidade. Com excelentes caf\u00e9s, comidas, coquet\u00e9is, m\u00fasicas ao vivo e artes, \u00e9 um evento imperd\u00edvel para todos os amantes da bebida.&nbsp; O S\u00e3o Paulo Coffee Festival \u00e9 uma celebra\u00e7\u00e3o da [&hellip;]<\/p>\n","protected":false},"author":3,"featured_media":2299,"comment_status":"open","ping_status":"open","sticky":false,"template":"","format":"standard","meta":{"footnotes":""},"categories":[25],"tags":[],"class_list":{"0":"post-2298","1":"post","2":"type-post","3":"status-publish","4":"format-standard","5":"has-post-thumbnail","7":"category-calendariodeeventos"},"_links":{"self":[{"href":"https:\/\/tveventos.tv.br\/index.php?rest_route=\/wp\/v2\/posts\/2298","targetHints":{"allow":["GET"]}}],"collection":[{"href":"https:\/\/tveventos.tv.br\/index.php?rest_route=\/wp\/v2\/posts"}],"about":[{"href":"https:\/\/tveventos.tv.br\/index.php?rest_route=\/wp\/v2\/types\/post"}],"author":[{"embeddable":true,"href":"https:\/\/tveventos.tv.br\/index.php?rest_route=\/wp\/v2\/users\/3"}],"replies":[{"embeddable":true,"href":"https:\/\/tveventos.tv.br\/index.php?rest_route=%2Fwp%2Fv2%2Fcomments&post=2298"}],"version-history":[{"count":1,"href":"https:\/\/tveventos.tv.br\/index.php?rest_route=\/wp\/v2\/posts\/2298\/revisions"}],"predecessor-version":[{"id":2300,"href":"https:\/\/tveventos.tv.br\/index.php?rest_route=\/wp\/v2\/posts\/2298\/revisions\/2300"}],"wp:featuredmedia":[{"embeddable":true,"href":"https:\/\/tveventos.tv.br\/index.php?rest_route=\/wp\/v2\/media\/2299"}],"wp:attachment":[{"href":"https:\/\/tveventos.tv.br\/index.php?rest_route=%2Fwp%2Fv2%2Fmedia&parent=2298"}],"wp:term":[{"taxonomy":"category","embeddable":true,"href":"https:\/\/tveventos.tv.br\/index.php?rest_route=%2Fwp%2Fv2%2Fcategories&post=2298"},{"taxonomy":"post_tag","embeddable":true,"href":"https:\/\/tveventos.tv.br\/index.php?rest_route=%2Fwp%2Fv2%2Ftags&post=2298"}],"curies":[{"name":"wp","href":"https:\/\/api.w.org\/{rel}","templated":true}]}}