{"id":2305,"date":"2024-06-18T17:40:49","date_gmt":"2024-06-18T20:40:49","guid":{"rendered":"https:\/\/tveventos.tv.br\/?p=2305"},"modified":"2024-06-18T17:40:52","modified_gmt":"2024-06-18T20:40:52","slug":"expo-construcao-offsite-recebe-mais-de-10-mil-visitantes-e-cresce-30-em-comparacao-com-a-edicao-de-2023","status":"publish","type":"post","link":"https:\/\/tveventos.tv.br\/?p=2305","title":{"rendered":"Expo Constru\u00e7\u00e3o Offsite recebe mais de 10 mil visitantes e cresce 30% em compara\u00e7\u00e3o com \u00e0 edi\u00e7\u00e3o de 2023"},"content":{"rendered":"\n<p><em>A feira levou para o Samb\u00f3dromo do Anhembi produtos, servi\u00e7os e projetos inovadores do setor da constru\u00e7\u00e3o modular<\/em>.<\/p>\n\n\n\n<p>Mais de 10 mil pessoas passaram pelo Samb\u00f3dromo do Anhembi, na \u00faltima semana, para conferir a quinta edi\u00e7\u00e3o da Expo Constru\u00e7\u00e3o Offsite (ECOS). Mais moderna, confort\u00e1vel e ocupando quase toda a extens\u00e3o da passarela do samba, o evento reuniu estudantes, professores, gestores e profissionais do setor da constru\u00e7\u00e3o modular para uma verdadeira maratona de conhecimento e inova\u00e7\u00e3o. Foram quatro dias de imers\u00e3o total em projetos inovadores, networking, demonstra\u00e7\u00f5es ao vivo de novas tecnologias e muito aprendizado com os mais renomados profissionais da \u00e1rea.<\/p>\n\n\n\n<p>Com um crescimento de 30% de marcas em rela\u00e7\u00e3o \u00e0 edi\u00e7\u00e3o de 2023, a Expo Constru\u00e7\u00e3o Offsite trouxe para o samb\u00f3dromo uma das maiores novidades do setor: a impressora 3D de casas da empresa Printek, uma tecnologia que produz concreto leve at\u00e9 10 vezes mais r\u00e1pido que o tradicional, e ainda reduz em at\u00e9 70% a demanda de material utilizado na constru\u00e7\u00e3o.<\/p>\n\n\n\n<p>A ECOS tamb\u00e9m contou com uma variedade de solu\u00e7\u00f5es para o setor de hotelaria, como m\u00f3dulos, chal\u00e9s, est\u00fadios, kitnets, casas-cont\u00eaineres para Airbnb e cabanas. Vale destacar o projeto da empresa Compass, constru\u00eddo com um cont\u00eainer mar\u00edtimo. A estrutura de 60 m\u00b2 tem conceito integrado, isolamento t\u00e9rmico e ac\u00fastico, e fachadas com grandes janelas para o aproveitamento da luz natural. O projeto tem como principal objetivo proporcionar o sentimento de ref\u00fagio, onde o visitante possa se conectar com a natureza e desfrutar de todas as comodidades de um espa\u00e7o moderno.<\/p>\n\n\n\n<p>Outros destaques para o setor de hotelaria foram apresentados pela empresa CMC M\u00f3dulos, que exibiu uma s\u00e9rie de projetos modernos, confort\u00e1veis e de r\u00e1pida produ\u00e7\u00e3o. Entre eles, a Tiny House Cove, que pode ser utilizada em uma variedade de ambientes, como campo, florestas, camping, etc. A estrutura de 50,90 m\u00b2 possui pain\u00e9is solares, lareira ecol\u00f3gica, deck, sistema de \u00e1gua quente e fria, ilumina\u00e7\u00e3o planejada e materiais de acabamento de alt\u00edssima qualidade. O m\u00f3dulo destacou-se por conta de seu design elegante e moderno<\/p>\n\n\n\n<p>A casa impressa em 3D pela empresa Cosmos foi outro grande destaque da ECOS 2024. Totalmente mobiliada, a estrutura conta com uma sala, cozinha, banheiro e dois quartos. O projeto levou oito dias para conclus\u00e3o, sendo quatro dias para o processo de impress\u00e3o, dois para a montagem e outros dois para acabamento e decora\u00e7\u00e3o.<\/p>\n\n\n\n<p>Neste ano, a ECOS contou com o retorno do FOCOS &#8211; F\u00f3rum da Constru\u00e7\u00e3o Offsite, um dos mais importantes semin\u00e1rios da constru\u00e7\u00e3o modular do pa\u00eds. Foram mais de 20 palestrantes que, juntos, entregaram conte\u00fados exclusivos sobre o cen\u00e1rio do setor modular no Brasil. Entre os principais temas abordados neste ano, a crise habitacional, a efici\u00eancia energ\u00e9tica na constru\u00e7\u00e3o civil e a implanta\u00e7\u00e3o da filosofia Lean Enterprise foram os destaques<\/p>\n\n\n\n<p>&nbsp;A Expo Constru\u00e7\u00e3o Offsite 2024 foi uma edi\u00e7\u00e3o \u00e9pica&#8217;, reflete Marcos Bueno, CEO da ECOS. &#8216;Foram quatro dias de muitos neg\u00f3cios e networking. Visitaram a feira os mais importantes empres\u00e1rios do mundo da constru\u00e7\u00e3o civil e de v\u00e1rios segmentos da economia, todos em busca de solu\u00e7\u00f5es inovadoras para construir ou ampliar seus neg\u00f3cios. Esta edi\u00e7\u00e3o consagrou a exposi\u00e7\u00e3o como a mais importante para constru\u00e7\u00e3o moderna da Am\u00e9rica Latina. A expectativa para 2025 \u00e9 dobrar o n\u00famero de expositores, j\u00e1 que estamos com uma renova\u00e7\u00e3o de espa\u00e7o de 50%. O mercado modular offsite est\u00e1 em plena expans\u00e3o&#8217;, finaliza o gestor.<\/p>\n\n\n\n<p>A Expo Constru\u00e7\u00e3o Offsite aconteceu entre os dias 4 e 7 de junho, no Samb\u00f3dromo do Anhembi, zona norte de S\u00e3o Paulo.<\/p>\n","protected":false},"excerpt":{"rendered":"<p>A feira levou para o Samb\u00f3dromo do Anhembi produtos, servi\u00e7os e projetos inovadores do setor da constru\u00e7\u00e3o modular. Mais de 10 mil pessoas passaram pelo Samb\u00f3dromo do Anhembi, na \u00faltima semana, para conferir a quinta edi\u00e7\u00e3o da Expo Constru\u00e7\u00e3o Offsite (ECOS). Mais moderna, confort\u00e1vel e ocupando quase toda a extens\u00e3o da passarela do samba, o [&hellip;]<\/p>\n","protected":false},"author":3,"featured_media":2306,"comment_status":"open","ping_status":"open","sticky":false,"template":"","format":"standard","meta":{"footnotes":""},"categories":[23],"tags":[],"class_list":{"0":"post-2305","1":"post","2":"type-post","3":"status-publish","4":"format-standard","5":"has-post-thumbnail","7":"category-feirasdenegocios"},"_links":{"self":[{"href":"https:\/\/tveventos.tv.br\/index.php?rest_route=\/wp\/v2\/posts\/2305","targetHints":{"allow":["GET"]}}],"collection":[{"href":"https:\/\/tveventos.tv.br\/index.php?rest_route=\/wp\/v2\/posts"}],"about":[{"href":"https:\/\/tveventos.tv.br\/index.php?rest_route=\/wp\/v2\/types\/post"}],"author":[{"embeddable":true,"href":"https:\/\/tveventos.tv.br\/index.php?rest_route=\/wp\/v2\/users\/3"}],"replies":[{"embeddable":true,"href":"https:\/\/tveventos.tv.br\/index.php?rest_route=%2Fwp%2Fv2%2Fcomments&post=2305"}],"version-history":[{"count":1,"href":"https:\/\/tveventos.tv.br\/index.php?rest_route=\/wp\/v2\/posts\/2305\/revisions"}],"predecessor-version":[{"id":2307,"href":"https:\/\/tveventos.tv.br\/index.php?rest_route=\/wp\/v2\/posts\/2305\/revisions\/2307"}],"wp:featuredmedia":[{"embeddable":true,"href":"https:\/\/tveventos.tv.br\/index.php?rest_route=\/wp\/v2\/media\/2306"}],"wp:attachment":[{"href":"https:\/\/tveventos.tv.br\/index.php?rest_route=%2Fwp%2Fv2%2Fmedia&parent=2305"}],"wp:term":[{"taxonomy":"category","embeddable":true,"href":"https:\/\/tveventos.tv.br\/index.php?rest_route=%2Fwp%2Fv2%2Fcategories&post=2305"},{"taxonomy":"post_tag","embeddable":true,"href":"https:\/\/tveventos.tv.br\/index.php?rest_route=%2Fwp%2Fv2%2Ftags&post=2305"}],"curies":[{"name":"wp","href":"https:\/\/api.w.org\/{rel}","templated":true}]}}