{"id":2308,"date":"2024-06-19T15:28:00","date_gmt":"2024-06-19T18:28:00","guid":{"rendered":"https:\/\/tveventos.tv.br\/?p=2308"},"modified":"2024-06-19T15:28:04","modified_gmt":"2024-06-19T18:28:04","slug":"o-maior-encontro-de-horticultura-de-america-latina-deve-movimentar-r-450-milhoes","status":"publish","type":"post","link":"https:\/\/tveventos.tv.br\/?p=2308","title":{"rendered":"O maior encontro de horticultura de Am\u00e9rica Latina deve movimentar R$ 450 milh\u00f5es"},"content":{"rendered":"\n<p class=\"has-text-align-center\">Novas tecnologias para aumentar a produ\u00e7\u00e3o nas diversas \u00e1reas da cadeia produtiva de hortifrutis, como sementes, mudas, bioinsumos, fertilizantes, defensivos, embalagens, ferramentas, estufas e maquin\u00e1rios em geral ser\u00e3o apresentadas por 500 empresas expositoras, nacionais e estrangeiras<\/p>\n\n\n\n<p>Alimentos mais saud\u00e1veis e ricos em nutrientes, melhor qualidade, maior produtividade no campo, redu\u00e7\u00e3o de perdas, economia de energia e \u00e1gua, rastreabilidade e log\u00edstica. As solu\u00e7\u00f5es para esses e outros desafios da horticultura \u2013 segmento que inclui a produ\u00e7\u00e3o de hortali\u00e7as, frutas, flores, plantas e florestais &#8211; ser\u00e3o apresentadas pelas 500 empresas expositoras, do Brasil e do exterior, que participam da 29\u00aa HORTITEC \u2013 Exposi\u00e7\u00e3o T\u00e9cnica de Horticultura, Cultivo Protegido e Culturas Intensivas. O evento acontece de 19 a 21 de junho em Holambra (SP) e espera receber 32 mil visitantes e movimentar R$ 450 milh\u00f5es.<\/p>\n\n\n\n<p><br>O setor hortifrut\u00edcola brasileiro tem a imensa responsabilidade de cuidar do que chega \u00e0 mesa da popula\u00e7\u00e3o, buscando oferecer qualidade e quantidade suficientes para abastecer as fam\u00edlias nos quatro cantos do pa\u00eds. Al\u00e9m disso, \u00e9 o segmento do agro que mais gera empregos e, especificamente na floricultura, \u00e9 o que mais emprega mulheres, ratificando a import\u00e2ncia do setor para a economia brasileira.<br>Foco em tecnologia<\/p>\n\n\n\n<p><strong>Foco em tecnologia<\/strong><\/p>\n\n\n\n<p>A tecnologia marca todas as etapas da cadeia produtiva de hortifrutis. A edi\u00e7\u00e3o 2024 da Hortitec destaca-se pelo crescimento da inova\u00e7\u00e3o aplicada a sementes, mudas, fertilizantes, defensivos e biodefensivos, al\u00e9m das ferramentas, estufas e maquin\u00e1rios. \u201cEsse ano vimos crescer o perfil de empresas expositoras ligadas \u00e0 biotecnologia e \u00e0s quest\u00f5es de energias renov\u00e1veis. Al\u00e9m disso, nota-se uma preocupa\u00e7\u00e3o de todos os elos envolvidos na cadeia produtiva em evitar desperd\u00edcios e em disponibilizar alimentos saud\u00e1veis\u201d, comenta Renato Opitz, diretor geral da Hortitec.<\/p>\n\n\n\n<p><br>Considerado o maior evento hortifrut\u00edcola da Am\u00e9rica Latina, re\u00fane produtores, profissionais do setor e representantes institucionais de toda a cadeia produtiva. O p\u00fablico visitante, formado por produtores dedicados \u00e0 produ\u00e7\u00e3o de flores, frutas, hortali\u00e7as e florestais e demais profissionais do setor, \u00e9 convidado pelas empresas expositoras, formando-se, assim, um ciclo virtuoso de trocas de informa\u00e7\u00f5es, novos clientes e bons neg\u00f3cios.<\/p>\n\n\n\n<p><strong>Estrutura organizada em setores facilita a visita\u00e7\u00e3o<\/strong><\/p>\n\n\n\n<p>&#8221; Ligadas \u00e0 biotecnologia e \u00e0s quest\u00f5es de energias renov\u00e1veis. Al\u00e9m disso, nota-se uma preocupa\u00e7\u00e3o de todos os elos envolvidos na cadeia produtiva em evitar desperd\u00edcios e em disponibilizar alimentos saud\u00e1veis\u201d, comenta Renato Opitz, diretor geral da Hortitec.<\/p>\n\n\n\n<p><br>Considerado o maior evento hortifrut\u00edcola da Am\u00e9rica Latina, re\u00fane produtores, profissionais do setor e representantes institucionais de toda a cadeia produtiva. O p\u00fablico visitante, formado por produtores dedicados \u00e0 produ\u00e7\u00e3o de flores, frutas, hortali\u00e7as e florestais e demais profissionais do setor, \u00e9 convidado pelas empresas expositoras, formando-se, assim, um ciclo virtuoso de trocas de informa\u00e7\u00f5es, novos clientes e bons neg\u00f3cios.<\/p>\n\n\n\n<p><br>Com expositores nacionais e estrangeiros, a 29\u00aa Hortitec estar\u00e1 organizada em cinco grandes \u00e1reas que permitem aos visitantes encontrar com facilidade o que procuram. Na recep\u00e7\u00e3o do evento, todos recebem um cat\u00e1logo completo que apresenta os expositores de forma did\u00e1tica em ordem alfab\u00e9tica, aponta o pavilh\u00e3o no qual a empresa estar\u00e1 presente, al\u00e9m oferecer informa\u00e7\u00f5es sobre ramo de neg\u00f3cio, produtos e meios de contatos, permitindo, tamb\u00e9m, a realiza\u00e7\u00e3o de neg\u00f3cios futuros.<\/p>\n\n\n\n<p>A entrada acontece pelo pavilh\u00e3o marrom que, juntamente com os pavilh\u00f5es verde e azul, apresenta as inova\u00e7\u00f5es na imensa diversidade da cadeia produtiva de horticultura, como sementes, mudas, fertilizantes, defensivos, biotecnologia, acess\u00f3rios agr\u00edcolas, embalagens etc. J\u00e1 o pavilh\u00e3o vermelho, \u00e9 o que re\u00fane as organiza\u00e7\u00f5es de pesquisas, como Embrapa, e entidades setoriais (Ibrahort, Abrafrutas, Ibraflor, ABCSEM, entre outras), al\u00e9m do Senar.<\/p>\n\n\n\n<p>Na \u00e1rea externa ao pavilh\u00e3o de exposi\u00e7\u00f5es, encontra-se o setor preto, onde est\u00e3o os fabricantes de estufas, tratores, equipamentos de climatiza\u00e7\u00e3o e maquin\u00e1rios diversos. Neste espa\u00e7o tamb\u00e9m est\u00e1 o Sebrae, com programa\u00e7\u00e3o de capacita\u00e7\u00e3o e rodadas&nbsp;de&nbsp;neg\u00f3cios.<\/p>\n\n\n\n<p><strong>SERVI\u00c7O: 29\u00aa HORTITEC<\/strong><br>Data: de 19 a 21 junho de 2024<br>Hor\u00e1rio: 19 e 20, das 9h \u00e0s 19h.<br>22, das 9h \u00e0s 17h.<br>Local: Pavilh\u00e3o de Exposi\u00e7\u00f5es da Expoflora, Rua Maur\u00edcio de Nassau, 675,\u00a0Holambra\/SP.<br>Ingressos: R$ 60 \/inteira e R$ 30\/estudantes e 60+<br>Informa\u00e7\u00f5es adicionais: no site www.hortitec.com.br ou pelo telefone (19) 3802-4196.<\/p>\n\n\n\n<p><\/p>\n","protected":false},"excerpt":{"rendered":"<p>Novas tecnologias para aumentar a produ\u00e7\u00e3o nas diversas \u00e1reas da cadeia produtiva de hortifrutis, como sementes, mudas, bioinsumos, fertilizantes, defensivos, embalagens, ferramentas, estufas e maquin\u00e1rios em geral ser\u00e3o apresentadas por 500 empresas expositoras, nacionais e estrangeiras Alimentos mais saud\u00e1veis e ricos em nutrientes, melhor qualidade, maior produtividade no campo, redu\u00e7\u00e3o de perdas, economia de energia [&hellip;]<\/p>\n","protected":false},"author":2,"featured_media":2309,"comment_status":"open","ping_status":"open","sticky":false,"template":"","format":"standard","meta":{"footnotes":""},"categories":[23],"tags":[],"class_list":{"0":"post-2308","1":"post","2":"type-post","3":"status-publish","4":"format-standard","5":"has-post-thumbnail","7":"category-feirasdenegocios"},"_links":{"self":[{"href":"https:\/\/tveventos.tv.br\/index.php?rest_route=\/wp\/v2\/posts\/2308","targetHints":{"allow":["GET"]}}],"collection":[{"href":"https:\/\/tveventos.tv.br\/index.php?rest_route=\/wp\/v2\/posts"}],"about":[{"href":"https:\/\/tveventos.tv.br\/index.php?rest_route=\/wp\/v2\/types\/post"}],"author":[{"embeddable":true,"href":"https:\/\/tveventos.tv.br\/index.php?rest_route=\/wp\/v2\/users\/2"}],"replies":[{"embeddable":true,"href":"https:\/\/tveventos.tv.br\/index.php?rest_route=%2Fwp%2Fv2%2Fcomments&post=2308"}],"version-history":[{"count":1,"href":"https:\/\/tveventos.tv.br\/index.php?rest_route=\/wp\/v2\/posts\/2308\/revisions"}],"predecessor-version":[{"id":2310,"href":"https:\/\/tveventos.tv.br\/index.php?rest_route=\/wp\/v2\/posts\/2308\/revisions\/2310"}],"wp:featuredmedia":[{"embeddable":true,"href":"https:\/\/tveventos.tv.br\/index.php?rest_route=\/wp\/v2\/media\/2309"}],"wp:attachment":[{"href":"https:\/\/tveventos.tv.br\/index.php?rest_route=%2Fwp%2Fv2%2Fmedia&parent=2308"}],"wp:term":[{"taxonomy":"category","embeddable":true,"href":"https:\/\/tveventos.tv.br\/index.php?rest_route=%2Fwp%2Fv2%2Fcategories&post=2308"},{"taxonomy":"post_tag","embeddable":true,"href":"https:\/\/tveventos.tv.br\/index.php?rest_route=%2Fwp%2Fv2%2Ftags&post=2308"}],"curies":[{"name":"wp","href":"https:\/\/api.w.org\/{rel}","templated":true}]}}