{"id":2317,"date":"2024-06-19T15:40:19","date_gmt":"2024-06-19T18:40:19","guid":{"rendered":"https:\/\/tveventos.tv.br\/?p=2317"},"modified":"2024-06-19T15:40:23","modified_gmt":"2024-06-19T18:40:23","slug":"tech-trends-sp-traz-nina-da-hora-marcos-pontes-e-alessandra-fu-para-primeira-edicao","status":"publish","type":"post","link":"https:\/\/tveventos.tv.br\/?p=2317","title":{"rendered":"Tech Trends SP traz Nina da Hora, Marcos Pontes e Alessandra Fu para primeira edi\u00e7\u00e3o"},"content":{"rendered":"\n<p class=\"has-text-align-center\"><em>O evento oferecer\u00e1 conex\u00f5es para transformar a inova\u00e7\u00e3o e acelerar o desenvolvimento de neg\u00f3cios e da sociedade<\/em><\/p>\n\n\n\n<p>Entre os dias 25 e 26 de junho, o Expo Center Norte ser\u00e1 o palco do Tech Trends S\u00e3o Paulo, um evento inovador e exclusivo que promete ser um catalisador para a transforma\u00e7\u00e3o da inova\u00e7\u00e3o em a\u00e7\u00f5es efetivas, acelerando o desenvolvimento de neg\u00f3cios e da sociedade. A primeira edi\u00e7\u00e3o do Tech Trends SP reunir\u00e1 grandes nomes do setor de tecnologia e l\u00edderes do governo, criando um ambiente vibrante de conex\u00f5es e oportunidades, debatendo temas\u00a0 que s\u00e3o tend\u00eancia na atualidade, como intelig\u00eancia artificial, ciberseguran\u00e7a, data, cloud, gamifica\u00e7\u00e3o e govtech.<\/p>\n\n\n\n<p>Al\u00e9m de impulsionar a inova\u00e7\u00e3o e tecnologia na cidade de S\u00e3o Paulo, eventos como o Tech Trends SP tamb\u00e9m contribuem de forma positiva para a economia local. De acordo com a Prefeitura de S\u00e3o Paulo, os eventos realizados na cidade geraram um impacto de 11 bilh\u00f5es de reais na economia local. Em 2023, esses acontecimentos contribu\u00edram com aproximadamente R$ 7,641 bilh\u00f5es e criaram 24.955 empregos formais. Esses n\u00fameros demonstram a import\u00e2ncia desse calend\u00e1rio para o desenvolvimento econ\u00f4mico e a gera\u00e7\u00e3o de empregos, al\u00e9m de atrair turistas e investidores e promover a cultura e a diversidade da cidade.<\/p>\n\n\n\n<p>O Tech Trends SP, exemplifica o potencial de crescimento e inova\u00e7\u00e3o proporcionado por eventos na capital paulista. Com a presen\u00e7a confirmada de personalidades de renome, o Tech Trends SP promete ser um marco no calend\u00e1rio de tecnologia e inova\u00e7\u00e3o do Brasil.<\/p>\n\n\n\n<p>Entre os palestrantes confirmados est\u00e3o:<\/p>\n\n\n\n<ul class=\"wp-block-list\">\n<li><strong>Marcos Pontes<\/strong>, astronauta e senador, conhecido por sua contribui\u00e7\u00e3o \u00e0 ci\u00eancia e tecnologia.<\/li>\n\n\n\n<li><strong>Nina da Hora<\/strong>, cientista da computa\u00e7\u00e3o e ativista, destacada por suas iniciativas em inclus\u00e3o digital.<\/li>\n\n\n\n<li><strong>Marco Ruiz<\/strong>, arquiteto de Solu\u00e7\u00f5es S\u00eanior na Amazon\u00a0<\/li>\n\n\n\n<li><strong>Alessandra Fu<\/strong>,\u00a0Principal Enterprise Architect Salesforce<\/li>\n\n\n\n<li><strong>Alessandra Karine<\/strong>, Vice-Presidente de Setor P\u00fablico da Microsoft<\/li>\n\n\n\n<li><strong>Marcio Aguiar,\u00a0<\/strong>Nvidia, Director of Enterprise Sales &#8211; Latin America<\/li>\n<\/ul>\n\n\n\n<p>&#8220;O Tech Trends SP n\u00e3o s\u00f3 destaca a import\u00e2ncia da inova\u00e7\u00e3o e tecnologia, mas tamb\u00e9m sublinha o impacto econ\u00f4mico significativo que esses eventos trazem para a cidade. Estamos entusiasmados em receber l\u00edderes de pensamento que contribuir\u00e3o para o desenvolvimento econ\u00f4mico e tecnol\u00f3gico de S\u00e3o Paulo&#8221;, afirma Humberto de Alencar, Secret\u00e1rio Adjunto da Secretaria de Inova\u00e7\u00e3o e Tecnologia do Munic\u00edpio de S\u00e3o Paulo.&nbsp;<\/p>\n\n\n\n<p>O evento vai oferecer uma plataforma para discuss\u00f5es sobre as tend\u00eancias mais recentes em tecnologia, promover\u00e1 networking entre profissionais do setor e possibilitar\u00e1 a troca de conhecimentos que impulsionar\u00e3o ainda mais o crescimento econ\u00f4mico e a inova\u00e7\u00e3o na cidade.<\/p>\n\n\n\n<p>Os participantes do Tech Trends SP tamb\u00e9m ter\u00e3o \u00e0 disposi\u00e7\u00e3o uma&nbsp;<strong>Vila de Startups<\/strong>, uma \u00e1rea de&nbsp;<strong>Networking<\/strong>, exposi\u00e7\u00f5es e sess\u00f5es de&nbsp;<strong>roda de neg\u00f3cios<\/strong>. Esses espa\u00e7os ser\u00e3o oportunidades ideais para os participantes transformarem ideias em a\u00e7\u00f5es concretas atrav\u00e9s da tecnologia e inova\u00e7\u00e3o.<\/p>\n\n\n\n<p><strong>Detalhes do Evento:<\/strong><\/p>\n\n\n\n<ul class=\"wp-block-list\">\n<li><strong>Datas:<\/strong>\u00a025 e 26 de junho<\/li>\n\n\n\n<li><strong>Local:<\/strong>\u00a0Expo Center Norte, S\u00e3o Paulo<\/li>\n<\/ul>\n","protected":false},"excerpt":{"rendered":"<p>O evento oferecer\u00e1 conex\u00f5es para transformar a inova\u00e7\u00e3o e acelerar o desenvolvimento de neg\u00f3cios e da sociedade Entre os dias 25 e 26 de junho, o Expo Center Norte ser\u00e1 o palco do Tech Trends S\u00e3o Paulo, um evento inovador e exclusivo que promete ser um catalisador para a transforma\u00e7\u00e3o da inova\u00e7\u00e3o em a\u00e7\u00f5es efetivas, [&hellip;]<\/p>\n","protected":false},"author":2,"featured_media":2318,"comment_status":"open","ping_status":"open","sticky":false,"template":"","format":"standard","meta":{"footnotes":""},"categories":[23],"tags":[],"class_list":{"0":"post-2317","1":"post","2":"type-post","3":"status-publish","4":"format-standard","5":"has-post-thumbnail","7":"category-feirasdenegocios"},"_links":{"self":[{"href":"https:\/\/tveventos.tv.br\/index.php?rest_route=\/wp\/v2\/posts\/2317","targetHints":{"allow":["GET"]}}],"collection":[{"href":"https:\/\/tveventos.tv.br\/index.php?rest_route=\/wp\/v2\/posts"}],"about":[{"href":"https:\/\/tveventos.tv.br\/index.php?rest_route=\/wp\/v2\/types\/post"}],"author":[{"embeddable":true,"href":"https:\/\/tveventos.tv.br\/index.php?rest_route=\/wp\/v2\/users\/2"}],"replies":[{"embeddable":true,"href":"https:\/\/tveventos.tv.br\/index.php?rest_route=%2Fwp%2Fv2%2Fcomments&post=2317"}],"version-history":[{"count":1,"href":"https:\/\/tveventos.tv.br\/index.php?rest_route=\/wp\/v2\/posts\/2317\/revisions"}],"predecessor-version":[{"id":2319,"href":"https:\/\/tveventos.tv.br\/index.php?rest_route=\/wp\/v2\/posts\/2317\/revisions\/2319"}],"wp:featuredmedia":[{"embeddable":true,"href":"https:\/\/tveventos.tv.br\/index.php?rest_route=\/wp\/v2\/media\/2318"}],"wp:attachment":[{"href":"https:\/\/tveventos.tv.br\/index.php?rest_route=%2Fwp%2Fv2%2Fmedia&parent=2317"}],"wp:term":[{"taxonomy":"category","embeddable":true,"href":"https:\/\/tveventos.tv.br\/index.php?rest_route=%2Fwp%2Fv2%2Fcategories&post=2317"},{"taxonomy":"post_tag","embeddable":true,"href":"https:\/\/tveventos.tv.br\/index.php?rest_route=%2Fwp%2Fv2%2Ftags&post=2317"}],"curies":[{"name":"wp","href":"https:\/\/api.w.org\/{rel}","templated":true}]}}