{"id":2323,"date":"2024-06-20T10:36:53","date_gmt":"2024-06-20T13:36:53","guid":{"rendered":"https:\/\/tveventos.tv.br\/?p=2323"},"modified":"2024-06-20T10:36:55","modified_gmt":"2024-06-20T13:36:55","slug":"expoconstruir-nordeste-tera-patrocinio-da-cerbras-e-lancamentos-de-novos-produtos-nesta-edicao","status":"publish","type":"post","link":"https:\/\/tveventos.tv.br\/?p=2323","title":{"rendered":"Expoconstruir Nordeste ter\u00e1 patroc\u00ednio da Cerbras e lan\u00e7amentos de novos produtos nesta edi\u00e7\u00e3o"},"content":{"rendered":"\n<p>A cearense Cerbras, refer\u00eancia nacional e internacional em pisos e revestimentos de alto padr\u00e3o, marca presen\u00e7a na 6\u00aa edi\u00e7\u00e3o da Expoconstruir Nordeste. Entrando definitivamente no calend\u00e1rio anual das principais mostras regionais do pa\u00eds, a feira de materiais e sistemas construtivos acontece entre os dias 18 e 21 de junho, das 14h \u00e0s 20h, no Pavilh\u00e3o Leste do Centro de Eventos do Cear\u00e1, reunindo ind\u00fastrias expositoras de todo o Norte e Nordeste para atender e fazer neg\u00f3cios junto aos lojistas, atacadistas, construtores e profissionais do setor.<\/p>\n\n\n\n<p>Al\u00e9m de assinar como uma das patrocinadoras premium do evento, a empresa levar\u00e1 para a feira os produtos que foram lan\u00e7ados este ano, como as linhas Cerbras, Super Prime 100x100cm e os Produtos de Encaixe, todas fabricadas com tecnologia avan\u00e7ada, o que garante alta resist\u00eancia, durabilidade e design exclusivo. Os produtos de encaixe, possuem formatos de 33x66cm com dez faces, e s\u00e3o indicados para aplica\u00e7\u00e3o em paredes no geral, trazendo naturalidade e amplitude ao ambiente.<\/p>\n\n\n\n<p>Mariana Mota, vice-presidente industrial e comercial da Cerbras, comemorou a participa\u00e7\u00e3o em mais uma edi\u00e7\u00e3o da feira. <em>&#8220;Para n\u00f3s \u00e9 fundamental participar da Expoconstruir 2024, pois acreditamos no potencial do mercado local e regional. Estamos comprometidos em oferecer produtos sustent\u00e1veis de alto padr\u00e3o e servi\u00e7os diferenciados, com objetivo de atender aqueles que buscam um ambiente elegante e sofisticado. Esperamos continuar construindo uma rela\u00e7\u00e3o de confian\u00e7a e parceria com toda equipe do evento\u201d<\/em>, ressaltou.<\/p>\n\n\n\n<p><strong>Servi\u00e7o:<\/strong><\/p>\n\n\n\n<p><strong>Expoconstruir Nordeste 2024<\/strong><strong><br><\/strong>Data: 18 a 21 de junho<br>Hor\u00e1rio: 14h \u00e0s 20h<br>Local: Centro de Eventos do Cear\u00e1 &#8211; Av. Washington Soares, 999 &#8211; Edson Queiroz<br>Site: <a href=\"https:\/\/expoconstruir.com.br\/\">https:\/\/expoconstruir.com.br\/<\/a><\/p>\n\n\n\n<p><strong>Sobre a Cerbras<\/strong><\/p>\n\n\n\n<p>Com mais de 30 anos investindo em profissionalismo e qualidade, o que j\u00e1 lhe rendeu certifica\u00e7\u00f5es internacionais voltadas ao sistema de gest\u00e3o e produtos, a Cerbras firma-se como uma ind\u00fastria de excel\u00eancia. Genuinamente cearense, a marca \u00e9 refer\u00eancia no mercado de cer\u00e2micas e porcelanatos, figurando entre as maiores do pa\u00eds. A Cerbras \u00e9 a \u00fanica empresa do Norte e Nordeste a produzir uma linha com grandes formatos de porcelanato. A nova linha de produ\u00e7\u00e3o da marca desenvolve porcelanatos nos tamanhos 94,5 \u00d7 94,5 cm, 1,20 \u00d7 1,20 cm e 60 \u00d7 1,20 cm. No segmento ambiental, a Cerbras adota diversas a\u00e7\u00f5es sustent\u00e1veis, como coleta seletiva e reciclagem, uso de energia solar, reuso de \u00e1gua tratada, monitoramento da qualidade do ar, sistema de tratamento sanit\u00e1rio dom\u00e9stico e industrial, e reaproveitamento de ar quente. Al\u00e9m disso, \u00e9 pioneira na utiliza\u00e7\u00e3o do Biog\u00e1s nos processos de produ\u00e7\u00e3o.<\/p>\n","protected":false},"excerpt":{"rendered":"<p>A cearense Cerbras, refer\u00eancia nacional e internacional em pisos e revestimentos de alto padr\u00e3o, marca presen\u00e7a na 6\u00aa edi\u00e7\u00e3o da Expoconstruir Nordeste. Entrando definitivamente no calend\u00e1rio anual das principais mostras regionais do pa\u00eds, a feira de materiais e sistemas construtivos acontece entre os dias 18 e 21 de junho, das 14h \u00e0s 20h, no Pavilh\u00e3o [&hellip;]<\/p>\n","protected":false},"author":2,"featured_media":2324,"comment_status":"open","ping_status":"open","sticky":false,"template":"","format":"standard","meta":{"footnotes":""},"categories":[1],"tags":[],"class_list":{"0":"post-2323","1":"post","2":"type-post","3":"status-publish","4":"format-standard","5":"has-post-thumbnail","7":"category-workshopsepalestras"},"_links":{"self":[{"href":"https:\/\/tveventos.tv.br\/index.php?rest_route=\/wp\/v2\/posts\/2323","targetHints":{"allow":["GET"]}}],"collection":[{"href":"https:\/\/tveventos.tv.br\/index.php?rest_route=\/wp\/v2\/posts"}],"about":[{"href":"https:\/\/tveventos.tv.br\/index.php?rest_route=\/wp\/v2\/types\/post"}],"author":[{"embeddable":true,"href":"https:\/\/tveventos.tv.br\/index.php?rest_route=\/wp\/v2\/users\/2"}],"replies":[{"embeddable":true,"href":"https:\/\/tveventos.tv.br\/index.php?rest_route=%2Fwp%2Fv2%2Fcomments&post=2323"}],"version-history":[{"count":1,"href":"https:\/\/tveventos.tv.br\/index.php?rest_route=\/wp\/v2\/posts\/2323\/revisions"}],"predecessor-version":[{"id":2325,"href":"https:\/\/tveventos.tv.br\/index.php?rest_route=\/wp\/v2\/posts\/2323\/revisions\/2325"}],"wp:featuredmedia":[{"embeddable":true,"href":"https:\/\/tveventos.tv.br\/index.php?rest_route=\/wp\/v2\/media\/2324"}],"wp:attachment":[{"href":"https:\/\/tveventos.tv.br\/index.php?rest_route=%2Fwp%2Fv2%2Fmedia&parent=2323"}],"wp:term":[{"taxonomy":"category","embeddable":true,"href":"https:\/\/tveventos.tv.br\/index.php?rest_route=%2Fwp%2Fv2%2Fcategories&post=2323"},{"taxonomy":"post_tag","embeddable":true,"href":"https:\/\/tveventos.tv.br\/index.php?rest_route=%2Fwp%2Fv2%2Ftags&post=2323"}],"curies":[{"name":"wp","href":"https:\/\/api.w.org\/{rel}","templated":true}]}}