{"id":2327,"date":"2024-06-20T14:13:47","date_gmt":"2024-06-20T17:13:47","guid":{"rendered":"https:\/\/tveventos.tv.br\/?p=2327"},"modified":"2024-06-20T14:13:51","modified_gmt":"2024-06-20T17:13:51","slug":"maior-evento-de-captacao-de-recursos-da-america-latina-acontece-em-julho-em-sao-paulo","status":"publish","type":"post","link":"https:\/\/tveventos.tv.br\/?p=2327","title":{"rendered":"Maior evento de capta\u00e7\u00e3o de recursos da Am\u00e9rica Latina acontece em julho em S\u00e3o Paulo"},"content":{"rendered":"\n<p class=\"has-text-align-center\"><em>Focado em comunica\u00e7\u00e3o, capta\u00e7\u00e3o de recursos e inova\u00e7\u00e3o, Festival ABCR acontece nos dias 01 e 02 de julho; cerca de 1.200 pessoas s\u00e3o esperadas<\/em><\/p>\n\n\n\n<p>Est\u00e1 chegando mais uma edi\u00e7\u00e3o do Festival ABCR, o maior evento de capta\u00e7\u00e3o de recursos da Am\u00e9rica Latina, que acontecer\u00e1 nos dias 01 e 02 de julho no Centro de Conven\u00e7\u00f5es Frei Caneca (R. Frei Caneca, 569), em S\u00e3o Paulo (SP). Promovido pela Associa\u00e7\u00e3o Brasileira de Captadores de Recursos (ABCR), a 16\u00aa edi\u00e7\u00e3o do evento contar\u00e1 com uma programa\u00e7\u00e3o de temas relacionados \u00e0 capta\u00e7\u00e3o de recursos para Organiza\u00e7\u00f5es da Sociedade Civil (OSCs), incluindo gest\u00e3o, comunica\u00e7\u00e3o, tend\u00eancias, inova\u00e7\u00e3o e voluntariado.<\/p>\n\n\n\n<p>\u201cEstamos animados com o Festival ABCR 2024. Muito aprendizado, muitos contatos, muitas oportunidades de se inspirar e sair com novas ideias. Devemos ter a maior e melhor edi\u00e7\u00e3o do evento, que ainda contar\u00e1 com atividades como a exibi\u00e7\u00e3o do document\u00e1rio \u201cDoar\u201d e ter\u00e1 um coquetel de encerramento\u201d, afirma Fernando Nogueira, diretor-executivo da ABCR.<\/p>\n\n\n\n<p>A edi\u00e7\u00e3o 2024 do Festival ABCR espera receber cerca de 1.200 participantes, principalmente profissionais de capta\u00e7\u00e3o de recursos, l\u00edderes e inovadores do Terceiro Setor. A programa\u00e7\u00e3o completa j\u00e1 est\u00e1 dispon\u00edvel e inclui mais de 70 palestras, divididas em cinco eixos principais:&nbsp;<strong><em>Comunica\u00e7\u00e3o e Engajamento, Ferramentas e Fontes de Capta\u00e7\u00e3o, Gest\u00e3o e Planejamento, Inova\u00e7\u00e3o e Tecnologia, e Desenvolvimento Profissional em Capta\u00e7\u00e3o.&nbsp;<\/em><\/strong>Destacam-se palestrantes internacionais como Bernard Ross, que ter\u00e1 falas sobre como inovar na estrat\u00e9gia de capta\u00e7\u00e3o, Ligia Pe\u00f1a, abordando sustentabilidade por meio de legados, e Heather Hill, trazendo perspectivas sobre apoio internacional para as OSCs. Tamb\u00e9m est\u00e3o previstos palcos dedicados aos patrocinadores da ABCR e uma feira com expositores, ampliando as oportunidades de conex\u00f5es.<\/p>\n\n\n\n<p>Al\u00e9m das palestras, o evento contar\u00e1 com&nbsp;<a href=\"https:\/\/festivalabcr.org.br\/masterclasses\/\" target=\"_blank\" rel=\"noreferrer noopener\">10 masterclasses intensivas,<\/a>&nbsp;agendadas para os dias 29 e 30 de junho, oferecendo uma oportunidade para aprimorar habilidades em capta\u00e7\u00e3o de recursos, com foco em conhecimento especializado e networking de alto n\u00edvel. Nesta edi\u00e7\u00e3o, alguns dos temas que ser\u00e3o abordados nesta modalidade s\u00e3o&nbsp;<strong>Papel do Conselho na Capta\u00e7\u00e3o,<\/strong>&nbsp;com Ricardo Blay Levisky, e&nbsp;<strong>Filantropia e Grandes Doadores<\/strong>, com Ana Flavia Godoi e Flavia Lang.&nbsp;<\/p>\n\n\n\n<p>Confira abaixo as palestras que comp\u00f5em a&nbsp;<a href=\"https:\/\/festivalabcr.org.br\/programacao-do-festival-abcr\/\" target=\"_blank\" rel=\"noreferrer noopener\">programa\u00e7\u00e3o do Festival ABCR 2024<\/a>, organizadas por eixos tem\u00e1ticos:<\/p>\n\n\n\n<p><strong>Comunica\u00e7\u00e3o e engajamento<\/strong><\/p>\n\n\n\n<p>Neste eixo est\u00e3o programadas as seguintes palestras:<\/p>\n\n\n\n<ul class=\"wp-block-list\">\n<li><strong>Parcerias que d\u00e3o certo: o pitch adequado que amplia os resultados da capta\u00e7\u00e3o de recursos corporativos,\u00a0<\/strong>com Aline de \u00c1vila Soares, Gisele Araujo e Ana Flavia Godoi;<\/li>\n\n\n\n<li><strong>Aprenda a se relacionar com a imprensa,\u00a0<\/strong>com Adriana Souza Silva;<\/li>\n\n\n\n<li><strong>Convertendo boas inten\u00e7\u00f5es em doa\u00e7\u00f5es: os segredos da comunica\u00e7\u00e3o eficiente,\u00a0<\/strong>com Marina Pechlivanis e Carol Farias;<\/li>\n\n\n\n<li><strong>Como fazer o seu relat\u00f3rio de atividades sem sofrimento,\u00a0<\/strong>com Felipe da Cruz Cincinato;<\/li>\n\n\n\n<li><strong>Como montar uma apresenta\u00e7\u00e3o comercial do seu projeto para captar recursos de verdade!,\u00a0<\/strong>com Fernanda Dearo;<\/li>\n\n\n\n<li><strong>Comunica\u00e7\u00e3o com emo\u00e7\u00e3o para a sua capta\u00e7\u00e3o de recursos (que nem a IA \u00e9 capaz),\u00a0<\/strong>com Filipe Ribeiro Dantas;<\/li>\n\n\n\n<li><strong>N\u00e3o tem fronteiras: os desafios de uma campanha 360 no terceiro setor,\u00a0<\/strong>com Glauco Kuhnert e Marina Pechlivanis;<\/li>\n\n\n\n<li><strong>Tiktok e os patrocinadores de lives: uma rede para apostar agora,\u00a0<\/strong>com Patricia Micheluzzi Marafigo;<\/li>\n\n\n\n<li><strong>Menores perdas, mais ganhos: melhorando a cultura filantr\u00f3pica de conselheiros e doadores,\u00a0<\/strong>com Carlos Madrid Varela, Ana Flavia Godoi e Flavia Lang.<\/li>\n<\/ul>\n\n\n\n<p><strong>Capta\u00e7\u00e3o de recursos<\/strong><\/p>\n\n\n\n<p>No eixo de ferramentas e fontes de capta\u00e7\u00e3o de recursos, ser\u00e3o apresentadas t\u00e9cnicas para ajudar as OSCs a manterem sua sustentabilidade financeira. As palestras abordar\u00e3o os seguintes temas:&nbsp;<\/p>\n\n\n\n<ul class=\"wp-block-list\">\n<li><strong>D\u00e1 match: voluntariado corporativo e capta\u00e7\u00e3o de recursos,\u00a0com Carolina Muller e Silvia Maria;<\/strong><\/li>\n\n\n\n<li>Capta\u00e7\u00e3o de recursos internacionais,\u00a0com Daniel Aaron;<\/li>\n\n\n\n<li>Elevate your mission with international support,\u00a0com Heather R. Hill;<\/li>\n\n\n\n<li>\u201cDo zero\u201d: uma experi\u00eancia no desenvolvimento da estrat\u00e9gia de legados no Brasil,\u00a0com Joanna Sultanum Calazans;<\/li>\n\n\n\n<li>Matchfunding: nova modalidade de fomento que combina patroc\u00ednio com crowdfunding,\u00a0com Larissa Novais;<\/li>\n\n\n\n<li>Como captar com dez diferentes fontes de receitas? Conhe\u00e7a o case do Instituto C,\u00a0com Paloma Costa;<\/li>\n<\/ul>\n\n\n\n<ul class=\"wp-block-list\">\n<li>Implementa\u00e7\u00e3o da nova lei do ECA: Capta\u00e7\u00e3o de recursos via fundos,\u00a0com Rafael Vargas;<\/li>\n\n\n\n<li>Estudo comparativo de custos e receitas de 10 melhores estrat\u00e9gias de capta\u00e7\u00e3o,\u00a0com Roberto Lang.<\/li>\n<\/ul>\n\n\n\n<p><strong>Gest\u00e3o e planejamento<\/strong><\/p>\n\n\n\n<p>Neste eixo, os destaques incluir\u00e3o pr\u00e1ticas e estrat\u00e9gias fundamentais para a administra\u00e7\u00e3o eficiente das organiza\u00e7\u00f5es sociais e a obten\u00e7\u00e3o de financiamentos necess\u00e1rios para a realiza\u00e7\u00e3o de suas atividades. As palestras abordar\u00e3o os seguintes temas:<\/p>\n\n\n\n<ul class=\"wp-block-list\">\n<li><strong>A import\u00e2ncia da regularidade fiscal para a capta\u00e7\u00e3o de recursos,\u00a0com Creuza Gomes Batista;<\/strong><\/li>\n\n\n\n<li>Como as Obras Sociais Irm\u00e3 Dulce reestruturam sua \u00e1rea de capta\u00e7\u00e3o para dobrar o volume captado em 3 anos?,\u00a0com Fagna Freitas e Rodrigo Alvarez;<\/li>\n\n\n\n<li>Recalculando a rota da capta\u00e7\u00e3o de recursos no A.C.Camargo Cancer Center, com Fernanda Mediano;<\/li>\n\n\n\n<li>Devida Dilig\u00eancia em Direitos Humanos (DDDH) para projetos culturais,\u00a0com Paula Brand\u00e3o e Ingrid David;<\/li>\n\n\n\n<li>A metodologia definitiva para capta\u00e7\u00e3o, com Jonas Araujo;<\/li>\n<\/ul>\n\n\n\n<ul class=\"wp-block-list\">\n<li>Palha\u00e7os no div\u00e3: a experi\u00eancia dos Doutores da Alegria,\u00a0com Luis Alberto e Wellington Nogueira;<\/li>\n\n\n\n<li>A import\u00e2ncia do compliance para a capta\u00e7\u00e3o internacional, com Thais Rocha.<\/li>\n<\/ul>\n\n\n\n<p><strong>Inova\u00e7\u00e3o e tecnologia&nbsp;<\/strong><\/p>\n\n\n\n<p>As palestras v\u00e3o se concentrar em como as organiza\u00e7\u00f5es sociais podem alavancar com novas tecnologias e abordagens inovadoras para maximizar seu impacto social. As palestras incluir\u00e3o:<\/p>\n\n\n\n<ul class=\"wp-block-list\">\n<li><strong>Doa\u00e7\u00e3o digital: estrat\u00e9gias de sustentabilidade financeira para OSCs,\u00a0com Ana J\u00e1rvis de Melo Campos e Helder Ferreira;<\/strong><\/li>\n\n\n\n<li>Doa\u00e7\u00e3o pix openfinance atrav\u00e9s de chatbot,\u00a0com Andrea Assun\u00e7\u00e3o e Bruna Moreira Faria;<\/li>\n\n\n\n<li>Problemas que a sua organiza\u00e7\u00e3o tem na capta\u00e7\u00e3o e voc\u00ea ainda n\u00e3o sabe: venha descobrir como solucionar,\u00a0com Bruno Cordeiro, Flavia Lang e Carol Azevedo;<\/li>\n\n\n\n<li>Como o Whatsapp aumentou a convers\u00e3o de doa\u00e7\u00f5es na TETO,\u00a0com Soraya Lopes, Stella Ara\u00fajo e Juliana Martins;<\/li>\n\n\n\n<li>Lupa: Plataforma gratuita de autoavalia\u00e7\u00e3o para OSCs,\u00a0com David Pisano, Vanessa Prata e Jair Mendes Junior;<\/li>\n\n\n\n<li>C\u00edrculos de doa\u00e7\u00e3o: inova\u00e7\u00e3o ou um desejo imposs\u00edvel para as organiza\u00e7\u00f5es?,\u00a0com Eduardo Xavier, Jo\u00e3o Paulo Vergueiro e S\u00f4nia Bonici;<\/li>\n\n\n\n<li>Contribui\u00e7\u00f5es associativas: GIFE e suas tecnologias,\u00a0com Gustavo Valentim e Thais Rodrigues;<\/li>\n<\/ul>\n\n\n\n<ul class=\"wp-block-list\">\n<li>A pot\u00eancia de parcerias intersetoriais na capta\u00e7\u00e3o de recursos: case Juntos Pela Sa\u00fade pelo fortalecimento do SUS,\u00a0com Luiza de Faria Saraiva.<\/li>\n\n\n\n<li>Doa\u00e7\u00e3o pix openfinance atrav\u00e9s de chatbot, com Andrea Assun\u00e7\u00e3o e Bruna Moreira Faria;<\/li>\n<\/ul>\n\n\n\n<p><strong>Profissional de capta\u00e7\u00e3o&nbsp;<\/strong><\/p>\n\n\n\n<p>Neste eixo tem\u00e1tico, as palestras se concentram em desenvolver habilidades e compet\u00eancias essenciais para profissionais que atuam na capta\u00e7\u00e3o de recursos para organiza\u00e7\u00f5es sociais. As palestras incluem:&nbsp;<\/p>\n\n\n\n<ul class=\"wp-block-list\">\n<li><strong>Mentoria na capta\u00e7\u00e3o: por que voc\u00ea precisa de uma?,\u00a0<\/strong>com Aline Bra\u00fana dos Santos e Fernanda Figueiredo;\u00a0<\/li>\n\n\n\n<li><strong>Do 0 a 1 milh\u00e3o usando o LinkedIn,\u00a0<\/strong>com Bia Diniz;\u00a0<\/li>\n\n\n\n<li><strong>Os bastidores da capta\u00e7\u00e3o: li\u00e7\u00f5es de universidades e partidos pol\u00edticos para o Terceiro Setor,<\/strong>\u00a0com Bianca Porto;\u00a0<\/li>\n\n\n\n<li><strong>Capta\u00e7\u00e3o estrat\u00e9gica: conhecendo os recursos dispon\u00edveis para a gest\u00e3o e sustentabilidade da sua OSC,\u00a0<\/strong>com Camila Stefanelli e Pi Caiuby;\u00a0<\/li>\n\n\n\n<li><strong>Ningu\u00e9m nasce captador! Alavancando resultados na transi\u00e7\u00e3o do mundo corporativo \u00e0 capta\u00e7\u00e3o de recursos,<\/strong>\u00a0com Camilla Imperial;\u00a0<\/li>\n\n\n\n<li><strong>Sa\u00fade mental: cuidar de quem capta,\u00a0<\/strong>com Carla N\u00f3brega e Rodrigo Alvarez;\u00a0<\/li>\n\n\n\n<li><strong>Desafios e estrat\u00e9gias de capta\u00e7\u00e3o: li\u00e7\u00f5es aprendidas pelos captadores,\u00a0<\/strong>com Daniel Steagall;\u00a0<\/li>\n\n\n\n<li><strong>Ser\u00e1 que vai dar &#8220;match&#8221;? Como processos seletivos de profissionais de capta\u00e7\u00e3o podem ser mais assertivos,\u00a0<\/strong>com Jos\u00e9 Land, M\u00e1rio Vieira e Val\u00e9ria Lapa;\u00a0<\/li>\n\n\n\n<li><strong>T\u00e9cnicas de vendas para captar recursos e #FazerAcontecer,\u00a0<\/strong>com ZEPPA, Marcio Zeppelini.\u00a0<\/li>\n<\/ul>\n\n\n\n<p><strong>Palco avan\u00e7ado&nbsp;<\/strong><\/p>\n\n\n\n<p>J\u00e1 no palco avan\u00e7ado da ABCR, exclusivo para temas voltados \u00e0s organiza\u00e7\u00f5es que j\u00e1 possuem departamento de capta\u00e7\u00e3o de recursos e est\u00e3o em fase mais avan\u00e7ada, os destaques ser\u00e3o:&nbsp;<\/p>\n\n\n\n<ul class=\"wp-block-list\">\n<li><strong>No palco Comunica\u00e7\u00e3o positiva com doadores: matriz de pressupostos e interfaces,<\/strong>\u00a0com Alexandra Meira e Andressa Trivelli;\u00a0\u00a0<\/li>\n\n\n\n<li><strong>Tech for good: transforma\u00e7\u00e3o digital no terceiro setor,\u00a0<\/strong>com Amanda Riesemberg;\u00a0<\/li>\n\n\n\n<li><strong>Tecnologia socioambiental: criar, gerenciar e sistematizar indicadores de efeito, efici\u00eancia e efetividade,\u00a0<\/strong>com Ana Carolina Zanoti;\u00a0<\/li>\n\n\n\n<li><strong>Comunica\u00e7\u00e3o positiva com doadores: matriz de pressupostos e interfaces,<\/strong>\u00a0com Alexandra Meira e Andressa Trivelli;\u00a0<\/li>\n\n\n\n<li><strong>Engajamento de doadores de ponta a ponta,\u00a0<\/strong>com Eduardo Massa e Thalita Salgado;<\/li>\n\n\n\n<li><strong>Venture Philanthropy: base para a maximiza\u00e7\u00e3o da capta\u00e7\u00e3o e do impacto social,\u00a0<\/strong>com Karina Schulze Blanck;\u00a0<\/li>\n\n\n\n<li><strong>Sustainability through Legacies,\u00a0<\/strong>com Ligia Pe\u00f1a;<\/li>\n\n\n\n<li><strong>Construindo pontes com dados: do monitoramento \u00e0 comunica\u00e7\u00e3o do impacto gerado,<\/strong>\u00a0com Nat\u00e1lia dos Santos Gonzales e Tha\u00eds Zschieschang;<\/li>\n\n\n\n<li><strong>Transforma\u00e7\u00e3o das OSCS: maior impacto social com Governan\u00e7a, Sustentabilidade e Inova\u00e7\u00e3o,\u00a0<\/strong>com Ronald Campos, Valeska Castro e Everaldo Santana;\u00a0<\/li>\n\n\n\n<li><strong>Cultura omnichannel e os desafios da unifica\u00e7\u00e3o de canais de relacionamento,<\/strong>\u00a0com Solange Parron.\u00a0<\/li>\n<\/ul>\n\n\n\n<p>D<strong>escontos nas inscri\u00e7\u00f5es<\/strong>&nbsp;<\/p>\n\n\n\n<p>As inscri\u00e7\u00f5es para o Festival ABCR 2024 continuam abertas, e membros da ABCR t\u00eam 20% de desconto, independentemente do momento em que a inscri\u00e7\u00e3o for realizada. Para as masterclasses, as vagas s\u00e3o limitadas e as inscri\u00e7\u00f5es variam entre 225 e 450 reais, dependendo da carga hor\u00e1ria (entre 03 e 06 horas).<\/p>\n\n\n\n<p>O Festival ABCR 2024 conta com os patroc\u00ednios da Doare, HYB, Trackmob, Criando Desenvolvimento Institucional, Squadra Consultoria, Everest Fundraising, Myriad USA, Prosas, AGO Social, Vera Solutions, Ambev Voa, Afrus, DOKS, Audisa, TechSoup Brasil, WebTGI, Chapel &amp; York, Programa Impulso &#8211; Instituto GRPCOM, Tools 4 Change, B\u00fassola, DeProp\u00f3sito Comunica\u00e7\u00e3o de Causas, Abrace uma Causa e&nbsp; Clima e Sociedade (iCS).&nbsp;<\/p>\n\n\n\n<p>Para realizar sua inscri\u00e7\u00e3o e\/ou conferir mais informa\u00e7\u00f5es sobre o evento, acesse<a href=\"http:\/\/www.festivalabcr.org.br\/\" target=\"_blank\" rel=\"noreferrer noopener\">&nbsp;www.festivalabcr.org.br<\/a>.<\/p>\n\n\n\n<p><strong>Sobre o Festival ABCR<\/strong><\/p>\n\n\n\n<p>O Festival ABCR permanece sendo o principal espa\u00e7o de forma\u00e7\u00e3o, troca de experi\u00eancias e contatos do Terceiro Setor. \u00c9 tamb\u00e9m a maior fonte de receitas para a ABCR, que foi fundada em 1999 para atuar pela promo\u00e7\u00e3o da sustentabilidade do Terceiro Setor e pelo desenvolvimento da \u00e1rea de capta\u00e7\u00e3o de recursos das organiza\u00e7\u00f5es da sociedade civil.<\/p>\n","protected":false},"excerpt":{"rendered":"<p>Focado em comunica\u00e7\u00e3o, capta\u00e7\u00e3o de recursos e inova\u00e7\u00e3o, Festival ABCR acontece nos dias 01 e 02 de julho; cerca de 1.200 pessoas s\u00e3o esperadas Est\u00e1 chegando mais uma edi\u00e7\u00e3o do Festival ABCR, o maior evento de capta\u00e7\u00e3o de recursos da Am\u00e9rica Latina, que acontecer\u00e1 nos dias 01 e 02 de julho no Centro de Conven\u00e7\u00f5es [&hellip;]<\/p>\n","protected":false},"author":2,"featured_media":2329,"comment_status":"open","ping_status":"open","sticky":false,"template":"","format":"standard","meta":{"footnotes":""},"categories":[23],"tags":[],"class_list":{"0":"post-2327","1":"post","2":"type-post","3":"status-publish","4":"format-standard","5":"has-post-thumbnail","7":"category-feirasdenegocios"},"_links":{"self":[{"href":"https:\/\/tveventos.tv.br\/index.php?rest_route=\/wp\/v2\/posts\/2327","targetHints":{"allow":["GET"]}}],"collection":[{"href":"https:\/\/tveventos.tv.br\/index.php?rest_route=\/wp\/v2\/posts"}],"about":[{"href":"https:\/\/tveventos.tv.br\/index.php?rest_route=\/wp\/v2\/types\/post"}],"author":[{"embeddable":true,"href":"https:\/\/tveventos.tv.br\/index.php?rest_route=\/wp\/v2\/users\/2"}],"replies":[{"embeddable":true,"href":"https:\/\/tveventos.tv.br\/index.php?rest_route=%2Fwp%2Fv2%2Fcomments&post=2327"}],"version-history":[{"count":1,"href":"https:\/\/tveventos.tv.br\/index.php?rest_route=\/wp\/v2\/posts\/2327\/revisions"}],"predecessor-version":[{"id":2330,"href":"https:\/\/tveventos.tv.br\/index.php?rest_route=\/wp\/v2\/posts\/2327\/revisions\/2330"}],"wp:featuredmedia":[{"embeddable":true,"href":"https:\/\/tveventos.tv.br\/index.php?rest_route=\/wp\/v2\/media\/2329"}],"wp:attachment":[{"href":"https:\/\/tveventos.tv.br\/index.php?rest_route=%2Fwp%2Fv2%2Fmedia&parent=2327"}],"wp:term":[{"taxonomy":"category","embeddable":true,"href":"https:\/\/tveventos.tv.br\/index.php?rest_route=%2Fwp%2Fv2%2Fcategories&post=2327"},{"taxonomy":"post_tag","embeddable":true,"href":"https:\/\/tveventos.tv.br\/index.php?rest_route=%2Fwp%2Fv2%2Ftags&post=2327"}],"curies":[{"name":"wp","href":"https:\/\/api.w.org\/{rel}","templated":true}]}}