{"id":2342,"date":"2024-06-24T11:43:20","date_gmt":"2024-06-24T14:43:20","guid":{"rendered":"https:\/\/tveventos.tv.br\/?p=2342"},"modified":"2024-06-24T11:44:48","modified_gmt":"2024-06-24T14:44:48","slug":"mais-de-100-marcas-de-proteinas-animais-confirmam-presenca-no-siavs-2024","status":"publish","type":"post","link":"https:\/\/tveventos.tv.br\/?p=2342","title":{"rendered":"Mais de 100 marcas de prote\u00ednas animais confirmam presen\u00e7a no SIAVS 2024"},"content":{"rendered":"\n<p><em>Sal\u00e3o Internacional de Prote\u00edna Animal re\u00fane marcas produtoras de carnes e ovos em oportunidade para varejistas, atacadistas e traders<\/em><\/p>\n\n\n\n<p>&nbsp;As grandes marcas de carne de frango, carne su\u00edna, carne bovina, ovos e peixes de cultivo (como til\u00e1pia) presentes nas g\u00f4ndolas de supermercados de todo o Brasil participar\u00e3o, entre os dias 06 e 08 de agosto, do Sal\u00e3o Internacional de Prote\u00edna Animal (SIAVS), maior evento dos setores no Brasil, que acontecer\u00e1 no nov\u00edssimo Distrito Anhembi, em S\u00e3o Paulo (SP).<br>&nbsp;<\/p>\n\n\n\n<p>Ao todo, ser\u00e3o mais de 100 marcas presentes no SIAVS, de mais de 70 frigor\u00edficos e granjas produtoras de prote\u00edna animal de todo o Brasil. S\u00e3o agroind\u00fastrias filiadas \u00e0 ABPA, como tamb\u00e9m \u00e0 Associa\u00e7\u00e3o Brasileira das Ind\u00fastrias Exportadoras de Carnes (ABIEC) e da Associa\u00e7\u00e3o Brasileira da Piscicultura (Peixe BR).<br>&nbsp;<\/p>\n\n\n\n<p>As empresas participar\u00e3o em espa\u00e7os pr\u00f3prios, exclusivos, ou por meio de pavilh\u00f5es estruturados especialmente para a realiza\u00e7\u00e3o de encontros e de rodadas de neg\u00f3cios que acontecer\u00e3o em meio ao SIAVS.<br>&nbsp;<\/p>\n\n\n\n<p>Al\u00e9m de representantes de supermercadistas, atacarejos e outros segmentos voltados para o abastecimento interno de produtos, tamb\u00e9m s\u00e3o esperados traders e clientes internacionais das carnes e ovos produzidos no Brasil. Vale lembrar que o Brasil \u00e9 o maior exportador de carne de frango e de carne bovina do planeta, al\u00e9m de quarto maior exportador de carne su\u00edna.<br>&nbsp;<\/p>\n\n\n\n<p><em>\u201cO SIAVS contar\u00e1 com uma ampla programa\u00e7\u00e3o de a\u00e7\u00f5es para clientes dos frigor\u00edficos e das granjas associadas \u00e0 ABPA, ABIEC e Peixe BR, sejam eles para vendas internas ou para exporta\u00e7\u00e3o. A a\u00e7\u00e3o \u00e9 parte de um conjunto de iniciativas que faz do SIAVS uma das melhores oportunidades do ano para clientes das prote\u00ednas animais do Brasil\u201d, ressalta o presidente da ABPA, Ricardo Santin.<\/em><br>&nbsp;<\/p>\n\n\n\n<p>Conhe\u00e7a os expositores do SIAVS e saiba mais sobre a programa\u00e7\u00e3o do evento pelo\u00a0<a href=\"https:\/\/www.siavs.com.br\/\" target=\"_blank\" rel=\"noreferrer noopener\"><u>www.siavs.com.br<\/u><\/a>.<\/p>\n","protected":false},"excerpt":{"rendered":"<p>Sal\u00e3o Internacional de Prote\u00edna Animal re\u00fane marcas produtoras de carnes e ovos em oportunidade para varejistas, atacadistas e traders &nbsp;As grandes marcas de carne de frango, carne su\u00edna, carne bovina, ovos e peixes de cultivo (como til\u00e1pia) presentes nas g\u00f4ndolas de supermercados de todo o Brasil participar\u00e3o, entre os dias 06 e 08 de agosto, [&hellip;]<\/p>\n","protected":false},"author":2,"featured_media":2343,"comment_status":"open","ping_status":"open","sticky":false,"template":"","format":"standard","meta":{"footnotes":""},"categories":[23],"tags":[],"class_list":{"0":"post-2342","1":"post","2":"type-post","3":"status-publish","4":"format-standard","5":"has-post-thumbnail","7":"category-feirasdenegocios"},"_links":{"self":[{"href":"https:\/\/tveventos.tv.br\/index.php?rest_route=\/wp\/v2\/posts\/2342","targetHints":{"allow":["GET"]}}],"collection":[{"href":"https:\/\/tveventos.tv.br\/index.php?rest_route=\/wp\/v2\/posts"}],"about":[{"href":"https:\/\/tveventos.tv.br\/index.php?rest_route=\/wp\/v2\/types\/post"}],"author":[{"embeddable":true,"href":"https:\/\/tveventos.tv.br\/index.php?rest_route=\/wp\/v2\/users\/2"}],"replies":[{"embeddable":true,"href":"https:\/\/tveventos.tv.br\/index.php?rest_route=%2Fwp%2Fv2%2Fcomments&post=2342"}],"version-history":[{"count":1,"href":"https:\/\/tveventos.tv.br\/index.php?rest_route=\/wp\/v2\/posts\/2342\/revisions"}],"predecessor-version":[{"id":2344,"href":"https:\/\/tveventos.tv.br\/index.php?rest_route=\/wp\/v2\/posts\/2342\/revisions\/2344"}],"wp:featuredmedia":[{"embeddable":true,"href":"https:\/\/tveventos.tv.br\/index.php?rest_route=\/wp\/v2\/media\/2343"}],"wp:attachment":[{"href":"https:\/\/tveventos.tv.br\/index.php?rest_route=%2Fwp%2Fv2%2Fmedia&parent=2342"}],"wp:term":[{"taxonomy":"category","embeddable":true,"href":"https:\/\/tveventos.tv.br\/index.php?rest_route=%2Fwp%2Fv2%2Fcategories&post=2342"},{"taxonomy":"post_tag","embeddable":true,"href":"https:\/\/tveventos.tv.br\/index.php?rest_route=%2Fwp%2Fv2%2Ftags&post=2342"}],"curies":[{"name":"wp","href":"https:\/\/api.w.org\/{rel}","templated":true}]}}