{"id":2345,"date":"2024-06-24T14:16:22","date_gmt":"2024-06-24T17:16:22","guid":{"rendered":"https:\/\/tveventos.tv.br\/?p=2345"},"modified":"2024-06-24T14:16:25","modified_gmt":"2024-06-24T17:16:25","slug":"movinter","status":"publish","type":"post","link":"https:\/\/tveventos.tv.br\/?p=2345","title":{"rendered":"MOVINTER"},"content":{"rendered":"\n<p>Vem a\u00ed mais uma grandiosa edi\u00e7\u00e3o da Movinter, a feira organizada pelo SIMM, o Sindicato da Ind\u00fastria do Mobili\u00e1rio de Mirassol. \u00c9 o seu encontro marcado com as maiores tend\u00eancias e novidades do setor, em um local perfeito para proporcionar grandes neg\u00f3cios com as empresas mais renomadas do mercado moveleiro.<\/p>\n\n\n\n<p>Junte-se a n\u00f3s nos dias 25 a 27 de junho das 14h \u00e0s 20h, no Shopping Iguatemi.<\/p>\n\n\n\n<p>Endere\u00e7o: Rua Luis Antonio da Silveira 696, S\u00e3o Jos\u00e9 do Rio Preto, SP, 15025-020<\/p>\n","protected":false},"excerpt":{"rendered":"<p>Vem a\u00ed mais uma grandiosa edi\u00e7\u00e3o da Movinter, a feira organizada pelo SIMM, o Sindicato da Ind\u00fastria do Mobili\u00e1rio de Mirassol. \u00c9 o seu encontro marcado com as maiores tend\u00eancias e novidades do setor, em um local perfeito para proporcionar grandes neg\u00f3cios com as empresas mais renomadas do mercado moveleiro. Junte-se a n\u00f3s nos dias [&hellip;]<\/p>\n","protected":false},"author":3,"featured_media":2346,"comment_status":"open","ping_status":"open","sticky":false,"template":"","format":"standard","meta":{"footnotes":""},"categories":[25],"tags":[],"class_list":{"0":"post-2345","1":"post","2":"type-post","3":"status-publish","4":"format-standard","5":"has-post-thumbnail","7":"category-calendariodeeventos"},"_links":{"self":[{"href":"https:\/\/tveventos.tv.br\/index.php?rest_route=\/wp\/v2\/posts\/2345","targetHints":{"allow":["GET"]}}],"collection":[{"href":"https:\/\/tveventos.tv.br\/index.php?rest_route=\/wp\/v2\/posts"}],"about":[{"href":"https:\/\/tveventos.tv.br\/index.php?rest_route=\/wp\/v2\/types\/post"}],"author":[{"embeddable":true,"href":"https:\/\/tveventos.tv.br\/index.php?rest_route=\/wp\/v2\/users\/3"}],"replies":[{"embeddable":true,"href":"https:\/\/tveventos.tv.br\/index.php?rest_route=%2Fwp%2Fv2%2Fcomments&post=2345"}],"version-history":[{"count":1,"href":"https:\/\/tveventos.tv.br\/index.php?rest_route=\/wp\/v2\/posts\/2345\/revisions"}],"predecessor-version":[{"id":2347,"href":"https:\/\/tveventos.tv.br\/index.php?rest_route=\/wp\/v2\/posts\/2345\/revisions\/2347"}],"wp:featuredmedia":[{"embeddable":true,"href":"https:\/\/tveventos.tv.br\/index.php?rest_route=\/wp\/v2\/media\/2346"}],"wp:attachment":[{"href":"https:\/\/tveventos.tv.br\/index.php?rest_route=%2Fwp%2Fv2%2Fmedia&parent=2345"}],"wp:term":[{"taxonomy":"category","embeddable":true,"href":"https:\/\/tveventos.tv.br\/index.php?rest_route=%2Fwp%2Fv2%2Fcategories&post=2345"},{"taxonomy":"post_tag","embeddable":true,"href":"https:\/\/tveventos.tv.br\/index.php?rest_route=%2Fwp%2Fv2%2Ftags&post=2345"}],"curies":[{"name":"wp","href":"https:\/\/api.w.org\/{rel}","templated":true}]}}