{"id":2348,"date":"2024-06-24T14:31:52","date_gmt":"2024-06-24T17:31:52","guid":{"rendered":"https:\/\/tveventos.tv.br\/?p=2348"},"modified":"2024-06-24T14:31:54","modified_gmt":"2024-06-24T17:31:54","slug":"flexo-labels-expo-2024","status":"publish","type":"post","link":"https:\/\/tveventos.tv.br\/?p=2348","title":{"rendered":"FLEXO &amp; LABELS EXPO 2024"},"content":{"rendered":"\n<p>A Flexo &amp; Labels Expo 2024 \u00e9 a terceira edi\u00e7\u00e3o do maior e principal evento do segmento de flexografia, r\u00f3tulos e etiquetas autoadesivas da Am\u00e9rica Latina. Tecnologia, inova\u00e7\u00e3o, neg\u00f3cios e networking direcionando empres\u00e1rios, convertedores e empresas a um mesmo foco: a sustentabilidade!<\/p>\n\n\n\n<p>Junte-se a n\u00f3s nos dias 25 a 28 de junho das 13h \u00e0s 20h, no Pavilh\u00e3o 5 do Distrito Anhembi.&nbsp;<\/p>\n\n\n\n<p>Endere\u00e7o: Avenida Olavo Fontoura, N\u00b0 1. 209\/Santana, S\u00e3o Paulo, SP, 02012-021&nbsp;<\/p>\n","protected":false},"excerpt":{"rendered":"<p>A Flexo &amp; Labels Expo 2024 \u00e9 a terceira edi\u00e7\u00e3o do maior e principal evento do segmento de flexografia, r\u00f3tulos e etiquetas autoadesivas da Am\u00e9rica Latina. Tecnologia, inova\u00e7\u00e3o, neg\u00f3cios e networking direcionando empres\u00e1rios, convertedores e empresas a um mesmo foco: a sustentabilidade! Junte-se a n\u00f3s nos dias 25 a 28 de junho das 13h \u00e0s [&hellip;]<\/p>\n","protected":false},"author":3,"featured_media":2349,"comment_status":"open","ping_status":"open","sticky":false,"template":"","format":"standard","meta":{"footnotes":""},"categories":[25],"tags":[],"class_list":{"0":"post-2348","1":"post","2":"type-post","3":"status-publish","4":"format-standard","5":"has-post-thumbnail","7":"category-calendariodeeventos"},"_links":{"self":[{"href":"https:\/\/tveventos.tv.br\/index.php?rest_route=\/wp\/v2\/posts\/2348","targetHints":{"allow":["GET"]}}],"collection":[{"href":"https:\/\/tveventos.tv.br\/index.php?rest_route=\/wp\/v2\/posts"}],"about":[{"href":"https:\/\/tveventos.tv.br\/index.php?rest_route=\/wp\/v2\/types\/post"}],"author":[{"embeddable":true,"href":"https:\/\/tveventos.tv.br\/index.php?rest_route=\/wp\/v2\/users\/3"}],"replies":[{"embeddable":true,"href":"https:\/\/tveventos.tv.br\/index.php?rest_route=%2Fwp%2Fv2%2Fcomments&post=2348"}],"version-history":[{"count":1,"href":"https:\/\/tveventos.tv.br\/index.php?rest_route=\/wp\/v2\/posts\/2348\/revisions"}],"predecessor-version":[{"id":2350,"href":"https:\/\/tveventos.tv.br\/index.php?rest_route=\/wp\/v2\/posts\/2348\/revisions\/2350"}],"wp:featuredmedia":[{"embeddable":true,"href":"https:\/\/tveventos.tv.br\/index.php?rest_route=\/wp\/v2\/media\/2349"}],"wp:attachment":[{"href":"https:\/\/tveventos.tv.br\/index.php?rest_route=%2Fwp%2Fv2%2Fmedia&parent=2348"}],"wp:term":[{"taxonomy":"category","embeddable":true,"href":"https:\/\/tveventos.tv.br\/index.php?rest_route=%2Fwp%2Fv2%2Fcategories&post=2348"},{"taxonomy":"post_tag","embeddable":true,"href":"https:\/\/tveventos.tv.br\/index.php?rest_route=%2Fwp%2Fv2%2Ftags&post=2348"}],"curies":[{"name":"wp","href":"https:\/\/api.w.org\/{rel}","templated":true}]}}