{"id":2358,"date":"2024-06-24T15:00:03","date_gmt":"2024-06-24T18:00:03","guid":{"rendered":"https:\/\/tveventos.tv.br\/?p=2358"},"modified":"2024-06-24T15:00:06","modified_gmt":"2024-06-24T18:00:06","slug":"pneushow","status":"publish","type":"post","link":"https:\/\/tveventos.tv.br\/?p=2358","title":{"rendered":"PNEUSHOW\u00a0"},"content":{"rendered":"\n<p>Desde 1996, a PNEUSHOW \u00e9 a principal feira de neg\u00f3cios do setor, apresentando produtos, m\u00e1quinas, solu\u00e7\u00f5es e inova\u00e7\u00f5es que abrangem todas as fases da vida \u00fatil de um pneu. \u200b\u200bFabricantes, revendedores, reformadores e transportadores se re\u00fanem a cada dois anos para impulsionar a evolu\u00e7\u00e3o da tecnologia sob rodas e contribuir para uma sociedade mais sustent\u00e1vel.\u200b<\/p>\n\n\n\n<p>Junte-se a n\u00f3s nos dias 26 a 28 de junho das 13h \u00e0s 20h, no Expo Center Norte.<\/p>\n\n\n\n<p>Endere\u00e7o: Rua Jos\u00e9 Bernardo Pinto, 333 &#8211; Vila Guilherme, S\u00e3o Paulo\/SP<\/p>\n","protected":false},"excerpt":{"rendered":"<p>Desde 1996, a PNEUSHOW \u00e9 a principal feira de neg\u00f3cios do setor, apresentando produtos, m\u00e1quinas, solu\u00e7\u00f5es e inova\u00e7\u00f5es que abrangem todas as fases da vida \u00fatil de um pneu. \u200b\u200bFabricantes, revendedores, reformadores e transportadores se re\u00fanem a cada dois anos para impulsionar a evolu\u00e7\u00e3o da tecnologia sob rodas e contribuir para uma sociedade mais sustent\u00e1vel.\u200b [&hellip;]<\/p>\n","protected":false},"author":3,"featured_media":2359,"comment_status":"open","ping_status":"open","sticky":false,"template":"","format":"standard","meta":{"footnotes":""},"categories":[25],"tags":[],"class_list":{"0":"post-2358","1":"post","2":"type-post","3":"status-publish","4":"format-standard","5":"has-post-thumbnail","7":"category-calendariodeeventos"},"_links":{"self":[{"href":"https:\/\/tveventos.tv.br\/index.php?rest_route=\/wp\/v2\/posts\/2358","targetHints":{"allow":["GET"]}}],"collection":[{"href":"https:\/\/tveventos.tv.br\/index.php?rest_route=\/wp\/v2\/posts"}],"about":[{"href":"https:\/\/tveventos.tv.br\/index.php?rest_route=\/wp\/v2\/types\/post"}],"author":[{"embeddable":true,"href":"https:\/\/tveventos.tv.br\/index.php?rest_route=\/wp\/v2\/users\/3"}],"replies":[{"embeddable":true,"href":"https:\/\/tveventos.tv.br\/index.php?rest_route=%2Fwp%2Fv2%2Fcomments&post=2358"}],"version-history":[{"count":1,"href":"https:\/\/tveventos.tv.br\/index.php?rest_route=\/wp\/v2\/posts\/2358\/revisions"}],"predecessor-version":[{"id":2360,"href":"https:\/\/tveventos.tv.br\/index.php?rest_route=\/wp\/v2\/posts\/2358\/revisions\/2360"}],"wp:featuredmedia":[{"embeddable":true,"href":"https:\/\/tveventos.tv.br\/index.php?rest_route=\/wp\/v2\/media\/2359"}],"wp:attachment":[{"href":"https:\/\/tveventos.tv.br\/index.php?rest_route=%2Fwp%2Fv2%2Fmedia&parent=2358"}],"wp:term":[{"taxonomy":"category","embeddable":true,"href":"https:\/\/tveventos.tv.br\/index.php?rest_route=%2Fwp%2Fv2%2Fcategories&post=2358"},{"taxonomy":"post_tag","embeddable":true,"href":"https:\/\/tveventos.tv.br\/index.php?rest_route=%2Fwp%2Fv2%2Ftags&post=2358"}],"curies":[{"name":"wp","href":"https:\/\/api.w.org\/{rel}","templated":true}]}}