{"id":2361,"date":"2024-06-24T15:06:11","date_gmt":"2024-06-24T18:06:11","guid":{"rendered":"https:\/\/tveventos.tv.br\/?p=2361"},"modified":"2024-06-24T15:06:14","modified_gmt":"2024-06-24T18:06:14","slug":"abf-franchising-expo","status":"publish","type":"post","link":"https:\/\/tveventos.tv.br\/?p=2361","title":{"rendered":"ABF Franchising Expo"},"content":{"rendered":"\n<p>ABF Franchising Expo \u00e9 a maior feira de franquias do mundo. Um evento imperd\u00edvel, repleto de oportunidades para franqueadores, franqueados, investidores e empreendedores explorarem novos neg\u00f3cios, expandirem suas redes e se atualizarem sobre as tend\u00eancias do mercado. Com mais de 400 marcas expositoras, muito conte\u00fado na arena, conhecimento, experi\u00eancias, networking e muitos neg\u00f3cios.<\/p>\n\n\n\n<p>Junte-se a n\u00f3s nos dias 26 a 29 de junho das 13h \u00e0s 21h, no Expo Center Norte.<\/p>\n\n\n\n<p>Endere\u00e7o: Rua Jos\u00e9 Bernardo Pinto, 333 &#8211; Vila Guilherme, S\u00e3o Paulo\/SP<\/p>\n","protected":false},"excerpt":{"rendered":"<p>ABF Franchising Expo \u00e9 a maior feira de franquias do mundo. Um evento imperd\u00edvel, repleto de oportunidades para franqueadores, franqueados, investidores e empreendedores explorarem novos neg\u00f3cios, expandirem suas redes e se atualizarem sobre as tend\u00eancias do mercado. Com mais de 400 marcas expositoras, muito conte\u00fado na arena, conhecimento, experi\u00eancias, networking e muitos neg\u00f3cios. Junte-se a [&hellip;]<\/p>\n","protected":false},"author":3,"featured_media":2362,"comment_status":"open","ping_status":"open","sticky":false,"template":"","format":"standard","meta":{"footnotes":""},"categories":[25],"tags":[],"class_list":{"0":"post-2361","1":"post","2":"type-post","3":"status-publish","4":"format-standard","5":"has-post-thumbnail","7":"category-calendariodeeventos"},"_links":{"self":[{"href":"https:\/\/tveventos.tv.br\/index.php?rest_route=\/wp\/v2\/posts\/2361","targetHints":{"allow":["GET"]}}],"collection":[{"href":"https:\/\/tveventos.tv.br\/index.php?rest_route=\/wp\/v2\/posts"}],"about":[{"href":"https:\/\/tveventos.tv.br\/index.php?rest_route=\/wp\/v2\/types\/post"}],"author":[{"embeddable":true,"href":"https:\/\/tveventos.tv.br\/index.php?rest_route=\/wp\/v2\/users\/3"}],"replies":[{"embeddable":true,"href":"https:\/\/tveventos.tv.br\/index.php?rest_route=%2Fwp%2Fv2%2Fcomments&post=2361"}],"version-history":[{"count":1,"href":"https:\/\/tveventos.tv.br\/index.php?rest_route=\/wp\/v2\/posts\/2361\/revisions"}],"predecessor-version":[{"id":2363,"href":"https:\/\/tveventos.tv.br\/index.php?rest_route=\/wp\/v2\/posts\/2361\/revisions\/2363"}],"wp:featuredmedia":[{"embeddable":true,"href":"https:\/\/tveventos.tv.br\/index.php?rest_route=\/wp\/v2\/media\/2362"}],"wp:attachment":[{"href":"https:\/\/tveventos.tv.br\/index.php?rest_route=%2Fwp%2Fv2%2Fmedia&parent=2361"}],"wp:term":[{"taxonomy":"category","embeddable":true,"href":"https:\/\/tveventos.tv.br\/index.php?rest_route=%2Fwp%2Fv2%2Fcategories&post=2361"},{"taxonomy":"post_tag","embeddable":true,"href":"https:\/\/tveventos.tv.br\/index.php?rest_route=%2Fwp%2Fv2%2Ftags&post=2361"}],"curies":[{"name":"wp","href":"https:\/\/api.w.org\/{rel}","templated":true}]}}