{"id":2364,"date":"2024-06-24T15:13:15","date_gmt":"2024-06-24T18:13:15","guid":{"rendered":"https:\/\/tveventos.tv.br\/?p=2364"},"modified":"2024-06-24T15:13:18","modified_gmt":"2024-06-24T18:13:18","slug":"exposhopping","status":"publish","type":"post","link":"https:\/\/tveventos.tv.br\/?p=2364","title":{"rendered":"EXPOSHOPPING"},"content":{"rendered":"\n<p>A Exposhopping \u00e9 a maior feira de neg\u00f3cios do setor de shopping centers na Am\u00e9rica Latina. Ela acontece anualmente e re\u00fane profissionais, marcas e empresas que oferecem solu\u00e7\u00f5es modernas para o setor. \u00c9 uma oportunidade \u00fanica para inserir-se no mercado de shopping centers. Esteja no mesmo ambiente que os principais tomadores de decis\u00e3o do setor, fa\u00e7a seu networking e feche neg\u00f3cios.<\/p>\n\n\n\n<p>Junte-se a n\u00f3s nos dias 26 a 28 de junho das 09h \u00e0s 18h, no Expo Center Norte.<\/p>\n\n\n\n<p>Endere\u00e7o: Rua Jos\u00e9 Bernardo Pinto, 333 &#8211; Vila Guilherme, S\u00e3o Paulo\/SP<\/p>\n","protected":false},"excerpt":{"rendered":"<p>A Exposhopping \u00e9 a maior feira de neg\u00f3cios do setor de shopping centers na Am\u00e9rica Latina. Ela acontece anualmente e re\u00fane profissionais, marcas e empresas que oferecem solu\u00e7\u00f5es modernas para o setor. \u00c9 uma oportunidade \u00fanica para inserir-se no mercado de shopping centers. Esteja no mesmo ambiente que os principais tomadores de decis\u00e3o do setor, [&hellip;]<\/p>\n","protected":false},"author":3,"featured_media":2365,"comment_status":"open","ping_status":"open","sticky":false,"template":"","format":"standard","meta":{"footnotes":""},"categories":[25],"tags":[],"class_list":{"0":"post-2364","1":"post","2":"type-post","3":"status-publish","4":"format-standard","5":"has-post-thumbnail","7":"category-calendariodeeventos"},"_links":{"self":[{"href":"https:\/\/tveventos.tv.br\/index.php?rest_route=\/wp\/v2\/posts\/2364","targetHints":{"allow":["GET"]}}],"collection":[{"href":"https:\/\/tveventos.tv.br\/index.php?rest_route=\/wp\/v2\/posts"}],"about":[{"href":"https:\/\/tveventos.tv.br\/index.php?rest_route=\/wp\/v2\/types\/post"}],"author":[{"embeddable":true,"href":"https:\/\/tveventos.tv.br\/index.php?rest_route=\/wp\/v2\/users\/3"}],"replies":[{"embeddable":true,"href":"https:\/\/tveventos.tv.br\/index.php?rest_route=%2Fwp%2Fv2%2Fcomments&post=2364"}],"version-history":[{"count":1,"href":"https:\/\/tveventos.tv.br\/index.php?rest_route=\/wp\/v2\/posts\/2364\/revisions"}],"predecessor-version":[{"id":2366,"href":"https:\/\/tveventos.tv.br\/index.php?rest_route=\/wp\/v2\/posts\/2364\/revisions\/2366"}],"wp:featuredmedia":[{"embeddable":true,"href":"https:\/\/tveventos.tv.br\/index.php?rest_route=\/wp\/v2\/media\/2365"}],"wp:attachment":[{"href":"https:\/\/tveventos.tv.br\/index.php?rest_route=%2Fwp%2Fv2%2Fmedia&parent=2364"}],"wp:term":[{"taxonomy":"category","embeddable":true,"href":"https:\/\/tveventos.tv.br\/index.php?rest_route=%2Fwp%2Fv2%2Fcategories&post=2364"},{"taxonomy":"post_tag","embeddable":true,"href":"https:\/\/tveventos.tv.br\/index.php?rest_route=%2Fwp%2Fv2%2Ftags&post=2364"}],"curies":[{"name":"wp","href":"https:\/\/api.w.org\/{rel}","templated":true}]}}