{"id":2368,"date":"2024-06-24T17:39:03","date_gmt":"2024-06-24T20:39:03","guid":{"rendered":"https:\/\/tveventos.tv.br\/?p=2368"},"modified":"2024-06-24T17:46:33","modified_gmt":"2024-06-24T20:46:33","slug":"bcb-sao-paulo","status":"publish","type":"post","link":"https:\/\/tveventos.tv.br\/?p=2368","title":{"rendered":"BCB S\u00e3o Paulo"},"content":{"rendered":"\n<p>O BCB S\u00e3o Paulo \u00e9 o encontro perfeito para inspirar a comunidade da coquetelaria e mixologia no Brasil a continuar a se desenvolver por meio de novos neg\u00f3cios, compartilhamento de ideias, troca de experi\u00eancias, conte\u00fado de alto n\u00edvel, degusta\u00e7\u00f5es e lan\u00e7amentos. Ao longo do tempo, o BCB S\u00e3o Paulo tornou-se s\u00edmbolo para os atuantes do setor e visa reunir, no ambiente presencial e virtual, importantes marcas de bebidas premium, bartenders e profissionais da ind\u00fastria de bares, restaurantes, varejistas e distribuidores da Am\u00e9rica do Sul.<\/p>\n\n\n\n<p>Junte-se a n\u00f3s nos dias 01 a 03 de julho das 11h \u00e0s 19h, na Bienal do Ibirapuera.<\/p>\n\n\n\n<p>Endere\u00e7o: Prq. Ibirapuera S\/N (Port\u00e3o 3), S\u00e3o Paulo, SP, 04094-000&nbsp;<\/p>\n","protected":false},"excerpt":{"rendered":"<p>O BCB S\u00e3o Paulo \u00e9 o encontro perfeito para inspirar a comunidade da coquetelaria e mixologia no Brasil a continuar a se desenvolver por meio de novos neg\u00f3cios, compartilhamento de ideias, troca de experi\u00eancias, conte\u00fado de alto n\u00edvel, degusta\u00e7\u00f5es e lan\u00e7amentos. Ao longo do tempo, o BCB S\u00e3o Paulo tornou-se s\u00edmbolo para os atuantes do [&hellip;]<\/p>\n","protected":false},"author":3,"featured_media":2369,"comment_status":"open","ping_status":"open","sticky":false,"template":"","format":"standard","meta":{"footnotes":""},"categories":[25],"tags":[],"class_list":{"0":"post-2368","1":"post","2":"type-post","3":"status-publish","4":"format-standard","5":"has-post-thumbnail","7":"category-calendariodeeventos"},"_links":{"self":[{"href":"https:\/\/tveventos.tv.br\/index.php?rest_route=\/wp\/v2\/posts\/2368","targetHints":{"allow":["GET"]}}],"collection":[{"href":"https:\/\/tveventos.tv.br\/index.php?rest_route=\/wp\/v2\/posts"}],"about":[{"href":"https:\/\/tveventos.tv.br\/index.php?rest_route=\/wp\/v2\/types\/post"}],"author":[{"embeddable":true,"href":"https:\/\/tveventos.tv.br\/index.php?rest_route=\/wp\/v2\/users\/3"}],"replies":[{"embeddable":true,"href":"https:\/\/tveventos.tv.br\/index.php?rest_route=%2Fwp%2Fv2%2Fcomments&post=2368"}],"version-history":[{"count":2,"href":"https:\/\/tveventos.tv.br\/index.php?rest_route=\/wp\/v2\/posts\/2368\/revisions"}],"predecessor-version":[{"id":2372,"href":"https:\/\/tveventos.tv.br\/index.php?rest_route=\/wp\/v2\/posts\/2368\/revisions\/2372"}],"wp:featuredmedia":[{"embeddable":true,"href":"https:\/\/tveventos.tv.br\/index.php?rest_route=\/wp\/v2\/media\/2369"}],"wp:attachment":[{"href":"https:\/\/tveventos.tv.br\/index.php?rest_route=%2Fwp%2Fv2%2Fmedia&parent=2368"}],"wp:term":[{"taxonomy":"category","embeddable":true,"href":"https:\/\/tveventos.tv.br\/index.php?rest_route=%2Fwp%2Fv2%2Fcategories&post=2368"},{"taxonomy":"post_tag","embeddable":true,"href":"https:\/\/tveventos.tv.br\/index.php?rest_route=%2Fwp%2Fv2%2Ftags&post=2368"}],"curies":[{"name":"wp","href":"https:\/\/api.w.org\/{rel}","templated":true}]}}