{"id":2373,"date":"2024-06-24T17:50:55","date_gmt":"2024-06-24T20:50:55","guid":{"rendered":"https:\/\/tveventos.tv.br\/?p=2373"},"modified":"2024-06-24T17:51:01","modified_gmt":"2024-06-24T20:51:01","slug":"festival-abcr","status":"publish","type":"post","link":"https:\/\/tveventos.tv.br\/?p=2373","title":{"rendered":"Festival ABCR"},"content":{"rendered":"\n<p>Prepare-se para a 16\u00ba edi\u00e7\u00e3o do Festival ABCR, o evento mais importante de capta\u00e7\u00e3o de recursos da Am\u00e9rica Latina e um dos maiores do mundo. Esta edi\u00e7\u00e3o promete ultrapassar fronteiras e conectar profissionais de capta\u00e7\u00e3o de recursos, l\u00edderes e inovadores do Terceiro Setor, oferecendo mais de 70 palestras, 5 eixos tem\u00e1ticos, al\u00e9m de sess\u00f5es de mentoria e uma \u00e1rea de exposi\u00e7\u00f5es abrangente.<\/p>\n\n\n\n<p>Junte-se a n\u00f3s nos dias 01 e 02 de julho das 09h \u00e0s 18h, no Centro de Conven\u00e7\u00f5es Frei Caneca.<\/p>\n\n\n\n<p>Endere\u00e7o: Rua Frei Caneca 569, S\u00e3o Paulo, SP, 01307-001&nbsp;<\/p>\n","protected":false},"excerpt":{"rendered":"<p>Prepare-se para a 16\u00ba edi\u00e7\u00e3o do Festival ABCR, o evento mais importante de capta\u00e7\u00e3o de recursos da Am\u00e9rica Latina e um dos maiores do mundo. Esta edi\u00e7\u00e3o promete ultrapassar fronteiras e conectar profissionais de capta\u00e7\u00e3o de recursos, l\u00edderes e inovadores do Terceiro Setor, oferecendo mais de 70 palestras, 5 eixos tem\u00e1ticos, al\u00e9m de sess\u00f5es de [&hellip;]<\/p>\n","protected":false},"author":3,"featured_media":2374,"comment_status":"open","ping_status":"open","sticky":false,"template":"","format":"standard","meta":{"footnotes":""},"categories":[25],"tags":[],"class_list":{"0":"post-2373","1":"post","2":"type-post","3":"status-publish","4":"format-standard","5":"has-post-thumbnail","7":"category-calendariodeeventos"},"_links":{"self":[{"href":"https:\/\/tveventos.tv.br\/index.php?rest_route=\/wp\/v2\/posts\/2373","targetHints":{"allow":["GET"]}}],"collection":[{"href":"https:\/\/tveventos.tv.br\/index.php?rest_route=\/wp\/v2\/posts"}],"about":[{"href":"https:\/\/tveventos.tv.br\/index.php?rest_route=\/wp\/v2\/types\/post"}],"author":[{"embeddable":true,"href":"https:\/\/tveventos.tv.br\/index.php?rest_route=\/wp\/v2\/users\/3"}],"replies":[{"embeddable":true,"href":"https:\/\/tveventos.tv.br\/index.php?rest_route=%2Fwp%2Fv2%2Fcomments&post=2373"}],"version-history":[{"count":1,"href":"https:\/\/tveventos.tv.br\/index.php?rest_route=\/wp\/v2\/posts\/2373\/revisions"}],"predecessor-version":[{"id":2375,"href":"https:\/\/tveventos.tv.br\/index.php?rest_route=\/wp\/v2\/posts\/2373\/revisions\/2375"}],"wp:featuredmedia":[{"embeddable":true,"href":"https:\/\/tveventos.tv.br\/index.php?rest_route=\/wp\/v2\/media\/2374"}],"wp:attachment":[{"href":"https:\/\/tveventos.tv.br\/index.php?rest_route=%2Fwp%2Fv2%2Fmedia&parent=2373"}],"wp:term":[{"taxonomy":"category","embeddable":true,"href":"https:\/\/tveventos.tv.br\/index.php?rest_route=%2Fwp%2Fv2%2Fcategories&post=2373"},{"taxonomy":"post_tag","embeddable":true,"href":"https:\/\/tveventos.tv.br\/index.php?rest_route=%2Fwp%2Fv2%2Ftags&post=2373"}],"curies":[{"name":"wp","href":"https:\/\/api.w.org\/{rel}","templated":true}]}}