{"id":2376,"date":"2024-06-24T17:57:48","date_gmt":"2024-06-24T20:57:48","guid":{"rendered":"https:\/\/tveventos.tv.br\/?p=2376"},"modified":"2024-06-24T18:33:14","modified_gmt":"2024-06-24T21:33:14","slug":"formobile","status":"publish","type":"post","link":"https:\/\/tveventos.tv.br\/?p=2376","title":{"rendered":"FORM\u00d3BILE"},"content":{"rendered":"\n<p>A Form\u00f3bile \u00e9 mais do que uma feira: \u00e9 uma parceira estrat\u00e9gica que acompanha voc\u00ea antes, durante e depois do evento. Muito al\u00e9m de um encontro presencial, a Form\u00f3bile oferece a solu\u00e7\u00e3o digital que o seu neg\u00f3cio precisa. Com op\u00e7\u00f5es personalizadas e know-how no setor moveleiro, as solu\u00e7\u00f5es digitais de promo\u00e7\u00e3o e divulga\u00e7\u00e3o da Form\u00f3bile ajudam a sua empresa a fechar neg\u00f3cios, alcan\u00e7ar novos clientes, apresentar produtos e servi\u00e7os para um p\u00fablico altamente qualificado.<\/p>\n\n\n\n<p>Junte-se a n\u00f3s nos dias 02 a 05 de julho das 10h \u00e0s 19h, no S\u00e3o Paulo Expo.<\/p>\n\n\n\n<p>Endere\u00e7o: Rod. dos Imigrantes 5, S\/N, km. 1, S\u00e3o Paulo, SP, 04329-900&nbsp;<\/p>\n","protected":false},"excerpt":{"rendered":"<p>A Form\u00f3bile \u00e9 mais do que uma feira: \u00e9 uma parceira estrat\u00e9gica que acompanha voc\u00ea antes, durante e depois do evento. Muito al\u00e9m de um encontro presencial, a Form\u00f3bile oferece a solu\u00e7\u00e3o digital que o seu neg\u00f3cio precisa. Com op\u00e7\u00f5es personalizadas e know-how no setor moveleiro, as solu\u00e7\u00f5es digitais de promo\u00e7\u00e3o e divulga\u00e7\u00e3o da Form\u00f3bile [&hellip;]<\/p>\n","protected":false},"author":3,"featured_media":2377,"comment_status":"open","ping_status":"open","sticky":false,"template":"","format":"standard","meta":{"footnotes":""},"categories":[25],"tags":[],"class_list":{"0":"post-2376","1":"post","2":"type-post","3":"status-publish","4":"format-standard","5":"has-post-thumbnail","7":"category-calendariodeeventos"},"_links":{"self":[{"href":"https:\/\/tveventos.tv.br\/index.php?rest_route=\/wp\/v2\/posts\/2376","targetHints":{"allow":["GET"]}}],"collection":[{"href":"https:\/\/tveventos.tv.br\/index.php?rest_route=\/wp\/v2\/posts"}],"about":[{"href":"https:\/\/tveventos.tv.br\/index.php?rest_route=\/wp\/v2\/types\/post"}],"author":[{"embeddable":true,"href":"https:\/\/tveventos.tv.br\/index.php?rest_route=\/wp\/v2\/users\/3"}],"replies":[{"embeddable":true,"href":"https:\/\/tveventos.tv.br\/index.php?rest_route=%2Fwp%2Fv2%2Fcomments&post=2376"}],"version-history":[{"count":2,"href":"https:\/\/tveventos.tv.br\/index.php?rest_route=\/wp\/v2\/posts\/2376\/revisions"}],"predecessor-version":[{"id":2397,"href":"https:\/\/tveventos.tv.br\/index.php?rest_route=\/wp\/v2\/posts\/2376\/revisions\/2397"}],"wp:featuredmedia":[{"embeddable":true,"href":"https:\/\/tveventos.tv.br\/index.php?rest_route=\/wp\/v2\/media\/2377"}],"wp:attachment":[{"href":"https:\/\/tveventos.tv.br\/index.php?rest_route=%2Fwp%2Fv2%2Fmedia&parent=2376"}],"wp:term":[{"taxonomy":"category","embeddable":true,"href":"https:\/\/tveventos.tv.br\/index.php?rest_route=%2Fwp%2Fv2%2Fcategories&post=2376"},{"taxonomy":"post_tag","embeddable":true,"href":"https:\/\/tveventos.tv.br\/index.php?rest_route=%2Fwp%2Fv2%2Ftags&post=2376"}],"curies":[{"name":"wp","href":"https:\/\/api.w.org\/{rel}","templated":true}]}}