{"id":2379,"date":"2024-06-24T18:05:27","date_gmt":"2024-06-24T21:05:27","guid":{"rendered":"https:\/\/tveventos.tv.br\/?p=2379"},"modified":"2024-06-24T18:05:40","modified_gmt":"2024-06-24T21:05:40","slug":"shot-fair-brasil","status":"publish","type":"post","link":"https:\/\/tveventos.tv.br\/?p=2379","title":{"rendered":"Shot Fair Brasil"},"content":{"rendered":"\n<p>O Maior Evento de Tiro Esportivo, Mundo T\u00e1tico, Outdoor e Ca\u00e7a da Am\u00e9rica Latina. Viva a emo\u00e7\u00e3o, expanda suas oportunidades de neg\u00f3cios, conhe\u00e7a as \u00faltimas novidades em produtos e conecte-se com as principais marcas. Conhe\u00e7a de perto os principais especialistas de cada segmento em palestras e workshops inspiradores. Venha aprimorar suas estrat\u00e9gias de neg\u00f3cios e aumente seu conhecimento no uso de equipamentos.<\/p>\n\n\n\n<p>Junte-se a n\u00f3s nos dias 03 a 06 de julho das 13h \u00e0s 20h, no Distrito Anhembi.\u00a0<\/p>\n\n\n\n<p>Endere\u00e7o: Avenida Olavo Fontoura, N\u00b0 1. 209\/Santana, S\u00e3o Paulo, SP, 02012-021<\/p>\n","protected":false},"excerpt":{"rendered":"<p>O Maior Evento de Tiro Esportivo, Mundo T\u00e1tico, Outdoor e Ca\u00e7a da Am\u00e9rica Latina. Viva a emo\u00e7\u00e3o, expanda suas oportunidades de neg\u00f3cios, conhe\u00e7a as \u00faltimas novidades em produtos e conecte-se com as principais marcas. Conhe\u00e7a de perto os principais especialistas de cada segmento em palestras e workshops inspiradores. Venha aprimorar suas estrat\u00e9gias de neg\u00f3cios e [&hellip;]<\/p>\n","protected":false},"author":3,"featured_media":2380,"comment_status":"open","ping_status":"open","sticky":false,"template":"","format":"standard","meta":{"footnotes":""},"categories":[25],"tags":[],"class_list":{"0":"post-2379","1":"post","2":"type-post","3":"status-publish","4":"format-standard","5":"has-post-thumbnail","7":"category-calendariodeeventos"},"_links":{"self":[{"href":"https:\/\/tveventos.tv.br\/index.php?rest_route=\/wp\/v2\/posts\/2379","targetHints":{"allow":["GET"]}}],"collection":[{"href":"https:\/\/tveventos.tv.br\/index.php?rest_route=\/wp\/v2\/posts"}],"about":[{"href":"https:\/\/tveventos.tv.br\/index.php?rest_route=\/wp\/v2\/types\/post"}],"author":[{"embeddable":true,"href":"https:\/\/tveventos.tv.br\/index.php?rest_route=\/wp\/v2\/users\/3"}],"replies":[{"embeddable":true,"href":"https:\/\/tveventos.tv.br\/index.php?rest_route=%2Fwp%2Fv2%2Fcomments&post=2379"}],"version-history":[{"count":2,"href":"https:\/\/tveventos.tv.br\/index.php?rest_route=\/wp\/v2\/posts\/2379\/revisions"}],"predecessor-version":[{"id":2382,"href":"https:\/\/tveventos.tv.br\/index.php?rest_route=\/wp\/v2\/posts\/2379\/revisions\/2382"}],"wp:featuredmedia":[{"embeddable":true,"href":"https:\/\/tveventos.tv.br\/index.php?rest_route=\/wp\/v2\/media\/2380"}],"wp:attachment":[{"href":"https:\/\/tveventos.tv.br\/index.php?rest_route=%2Fwp%2Fv2%2Fmedia&parent=2379"}],"wp:term":[{"taxonomy":"category","embeddable":true,"href":"https:\/\/tveventos.tv.br\/index.php?rest_route=%2Fwp%2Fv2%2Fcategories&post=2379"},{"taxonomy":"post_tag","embeddable":true,"href":"https:\/\/tveventos.tv.br\/index.php?rest_route=%2Fwp%2Fv2%2Ftags&post=2379"}],"curies":[{"name":"wp","href":"https:\/\/api.w.org\/{rel}","templated":true}]}}