{"id":2383,"date":"2024-06-24T18:10:39","date_gmt":"2024-06-24T21:10:39","guid":{"rendered":"https:\/\/tveventos.tv.br\/?p=2383"},"modified":"2024-06-24T18:31:22","modified_gmt":"2024-06-24T21:31:22","slug":"consulfarma","status":"publish","type":"post","link":"https:\/\/tveventos.tv.br\/?p=2383","title":{"rendered":"Consulfarma\u00a0"},"content":{"rendered":"\n<p>O Congresso Consulfarma \u00e9 o maior evento do mundo no segmento magistral desde 2004. Agora, voc\u00ea est\u00e1 h\u00e1 um passo de entrar em uma experi\u00eancia \u00fanica dentro desse universo. Esse ano, a tecnologia se reafirma como foco de nossas pesquisas. Queremos promover e incentivar que o mercado magistral mergulhe nesse universo de possibilidades, que \u00e9 o futuro.<\/p>\n\n\n\n<p>Junte-se a n\u00f3s nos dias 04 a 06 de julho das 09h \u00e0s 20h, no Distrito Anhembi.&nbsp;<\/p>\n\n\n\n<p>Endere\u00e7o: Avenida Olavo Fontoura, N\u00b0 1. 209\/Santana, S\u00e3o Paulo, SP, 02012-021&nbsp;<\/p>\n","protected":false},"excerpt":{"rendered":"<p>O Congresso Consulfarma \u00e9 o maior evento do mundo no segmento magistral desde 2004. Agora, voc\u00ea est\u00e1 h\u00e1 um passo de entrar em uma experi\u00eancia \u00fanica dentro desse universo. Esse ano, a tecnologia se reafirma como foco de nossas pesquisas. Queremos promover e incentivar que o mercado magistral mergulhe nesse universo de possibilidades, que \u00e9 [&hellip;]<\/p>\n","protected":false},"author":3,"featured_media":2384,"comment_status":"open","ping_status":"open","sticky":false,"template":"","format":"standard","meta":{"footnotes":""},"categories":[25],"tags":[],"class_list":{"0":"post-2383","1":"post","2":"type-post","3":"status-publish","4":"format-standard","5":"has-post-thumbnail","7":"category-calendariodeeventos"},"_links":{"self":[{"href":"https:\/\/tveventos.tv.br\/index.php?rest_route=\/wp\/v2\/posts\/2383","targetHints":{"allow":["GET"]}}],"collection":[{"href":"https:\/\/tveventos.tv.br\/index.php?rest_route=\/wp\/v2\/posts"}],"about":[{"href":"https:\/\/tveventos.tv.br\/index.php?rest_route=\/wp\/v2\/types\/post"}],"author":[{"embeddable":true,"href":"https:\/\/tveventos.tv.br\/index.php?rest_route=\/wp\/v2\/users\/3"}],"replies":[{"embeddable":true,"href":"https:\/\/tveventos.tv.br\/index.php?rest_route=%2Fwp%2Fv2%2Fcomments&post=2383"}],"version-history":[{"count":4,"href":"https:\/\/tveventos.tv.br\/index.php?rest_route=\/wp\/v2\/posts\/2383\/revisions"}],"predecessor-version":[{"id":2396,"href":"https:\/\/tveventos.tv.br\/index.php?rest_route=\/wp\/v2\/posts\/2383\/revisions\/2396"}],"wp:featuredmedia":[{"embeddable":true,"href":"https:\/\/tveventos.tv.br\/index.php?rest_route=\/wp\/v2\/media\/2384"}],"wp:attachment":[{"href":"https:\/\/tveventos.tv.br\/index.php?rest_route=%2Fwp%2Fv2%2Fmedia&parent=2383"}],"wp:term":[{"taxonomy":"category","embeddable":true,"href":"https:\/\/tveventos.tv.br\/index.php?rest_route=%2Fwp%2Fv2%2Fcategories&post=2383"},{"taxonomy":"post_tag","embeddable":true,"href":"https:\/\/tveventos.tv.br\/index.php?rest_route=%2Fwp%2Fv2%2Ftags&post=2383"}],"curies":[{"name":"wp","href":"https:\/\/api.w.org\/{rel}","templated":true}]}}