{"id":2387,"date":"2024-06-24T18:20:14","date_gmt":"2024-06-24T21:20:14","guid":{"rendered":"https:\/\/tveventos.tv.br\/?p=2387"},"modified":"2024-06-24T18:30:49","modified_gmt":"2024-06-24T21:30:49","slug":"expo-catolica","status":"publish","type":"post","link":"https:\/\/tveventos.tv.br\/?p=2387","title":{"rendered":"Expo Cat\u00f3lica"},"content":{"rendered":"\n<p>A ExpoCat\u00f3lica \u00e9 uma Feira Internacional de produtos e servi\u00e7os para a Igreja. \u00c9 a maior vitrine do segmento no Brasil e na Am\u00e9rica Latina, proporcionando o encontro de centenas de expositores com leigos, religiosos e cl\u00e9rigos de todo o mundo. A feira \u00e9 planejada para promover a f\u00e9, a cultura e os valores crist\u00e3os, reunindo pessoas, institui\u00e7\u00f5es e empresas comprometidas em fortalecer e compartilhar a mensagem do amor de Deus.<\/p>\n\n\n\n<p>Junte-se a n\u00f3s nos dias 04 a 07 de julho, no Pro Magno.<\/p>\n\n\n\n<p>Hor\u00e1rios: Quinta e S\u00e1bado: 10h \u00e0s 19h;<\/p>\n\n\n\n<p>Domingo: 10h \u00e0s 17h.<\/p>\n\n\n\n<p>Endere\u00e7o: Avenida Professora Ida Kolb 513, S\u00e3o Paulo, S\u00e3o Paulo, 02518-000&nbsp;<\/p>\n","protected":false},"excerpt":{"rendered":"<p>A ExpoCat\u00f3lica \u00e9 uma Feira Internacional de produtos e servi\u00e7os para a Igreja. \u00c9 a maior vitrine do segmento no Brasil e na Am\u00e9rica Latina, proporcionando o encontro de centenas de expositores com leigos, religiosos e cl\u00e9rigos de todo o mundo. A feira \u00e9 planejada para promover a f\u00e9, a cultura e os valores crist\u00e3os, [&hellip;]<\/p>\n","protected":false},"author":3,"featured_media":2388,"comment_status":"open","ping_status":"open","sticky":false,"template":"","format":"standard","meta":{"footnotes":""},"categories":[25],"tags":[],"class_list":{"0":"post-2387","1":"post","2":"type-post","3":"status-publish","4":"format-standard","5":"has-post-thumbnail","7":"category-calendariodeeventos"},"_links":{"self":[{"href":"https:\/\/tveventos.tv.br\/index.php?rest_route=\/wp\/v2\/posts\/2387","targetHints":{"allow":["GET"]}}],"collection":[{"href":"https:\/\/tveventos.tv.br\/index.php?rest_route=\/wp\/v2\/posts"}],"about":[{"href":"https:\/\/tveventos.tv.br\/index.php?rest_route=\/wp\/v2\/types\/post"}],"author":[{"embeddable":true,"href":"https:\/\/tveventos.tv.br\/index.php?rest_route=\/wp\/v2\/users\/3"}],"replies":[{"embeddable":true,"href":"https:\/\/tveventos.tv.br\/index.php?rest_route=%2Fwp%2Fv2%2Fcomments&post=2387"}],"version-history":[{"count":3,"href":"https:\/\/tveventos.tv.br\/index.php?rest_route=\/wp\/v2\/posts\/2387\/revisions"}],"predecessor-version":[{"id":2394,"href":"https:\/\/tveventos.tv.br\/index.php?rest_route=\/wp\/v2\/posts\/2387\/revisions\/2394"}],"wp:featuredmedia":[{"embeddable":true,"href":"https:\/\/tveventos.tv.br\/index.php?rest_route=\/wp\/v2\/media\/2388"}],"wp:attachment":[{"href":"https:\/\/tveventos.tv.br\/index.php?rest_route=%2Fwp%2Fv2%2Fmedia&parent=2387"}],"wp:term":[{"taxonomy":"category","embeddable":true,"href":"https:\/\/tveventos.tv.br\/index.php?rest_route=%2Fwp%2Fv2%2Fcategories&post=2387"},{"taxonomy":"post_tag","embeddable":true,"href":"https:\/\/tveventos.tv.br\/index.php?rest_route=%2Fwp%2Fv2%2Ftags&post=2387"}],"curies":[{"name":"wp","href":"https:\/\/api.w.org\/{rel}","templated":true}]}}