{"id":2401,"date":"2024-06-25T14:11:49","date_gmt":"2024-06-25T17:11:49","guid":{"rendered":"https:\/\/tveventos.tv.br\/?p=2401"},"modified":"2024-06-25T14:11:52","modified_gmt":"2024-06-25T17:11:52","slug":"5-eventos-de-tecnologia-e-ia-para-ficar-de-olho-nos-proximos-meses","status":"publish","type":"post","link":"https:\/\/tveventos.tv.br\/?p=2401","title":{"rendered":"5 eventos de tecnologia e IA para ficar de olho nos pr\u00f3ximos meses"},"content":{"rendered":"\n<p><em>As principais oportunidades de adquirir conhecimento e networking em tecnologia e IA.<\/em><\/p>\n\n\n\n<p>Em um mundo cada vez mais digital, a realiza\u00e7\u00e3o de eventos, workshops e cursos de tecnologia e intelig\u00eancia artificial no Brasil \u00e9 fundamental para promover a inova\u00e7\u00e3o, desenvolver talentos, estimular a economia e enfrentar desafios globais.&nbsp;<\/p>\n\n\n\n<p>A Intelig\u00eancia Artificial (IA), por exemplo, j\u00e1 movimenta US$ 1,7 bilh\u00e3o anualmente no Brasil, com previs\u00f5es de crescimento para mais de US$4,7 bilh\u00f5es at\u00e9 2028, segundo dados da Statista.&nbsp;<\/p>\n\n\n\n<p>Globalmente, uma estimativa realizada pela Precedence Research aponta que o mercado de IA deve crescer 37% ao ano, alcan\u00e7ando um valor de US$ 187,9 bilh\u00f5es at\u00e9 2030. Esses n\u00fameros evidenciam a import\u00e2ncia de fomentar o setor tecnol\u00f3gico e promover a integra\u00e7\u00e3o do Brasil nesse cen\u00e1rio de r\u00e1pida evolu\u00e7\u00e3o e transforma\u00e7\u00e3o digital.<\/p>\n\n\n\n<p>Os eventos n\u00e3o apenas colocam o Brasil no mapa da inova\u00e7\u00e3o global, mas tamb\u00e9m garantem que o pa\u00eds esteja preparado para um futuro onde a tecnologia desempenha um papel central em todas as esferas da vida.&nbsp;<\/p>\n\n\n\n<p>Confira, a seguir, 5 eventos que acontecer\u00e3o nos pr\u00f3ximos meses e ser\u00e3o direcionados para empreendedores de todos os portes. A lista traz op\u00e7\u00f5es presenciais e tamb\u00e9m online.&nbsp;<\/p>\n\n\n\n<p><strong>Febraban Tech 2024&nbsp;<\/strong><\/p>\n\n\n\n<p>O Febraban Tech 2024 \u00e9 um dos maiores eventos de tecnologia financeira do pa\u00eds. Durante tr\u00eas dias, ser\u00e3o discutidas inova\u00e7\u00f5es para fintechs, bancos e seguradoras digitais visando a transforma\u00e7\u00e3o digital no setor banc\u00e1rio.&nbsp;&nbsp;<\/p>\n\n\n\n<p>\u201cO evento re\u00fane as lideran\u00e7as dos setores financeiro, de tecnologia e demais \u00e1reas interessadas em inova\u00e7\u00e3o financeira e ciberseguran\u00e7a, para debates sobre temas atuais da economia digital, como IA, Open Finance, Pix, Drex, tokeniza\u00e7\u00e3o e Cross Industry. \u00c9 sempre muito enriquecedora a experi\u00eancia participar desse grande evento\u201d, afirma o Diretor de Neg\u00f3cios da Lina Open X, Murilo Rabusky.&nbsp;&nbsp;<\/p>\n\n\n\n<p>Quando: 25, 26 e 27\/06\/2024<\/p>\n\n\n\n<p>Local: Transam\u00e9rica Expo Center (Av. Dr. M\u00e1rio Vilas Boas Rodrigues 387, S\u00e3o Paulo &#8211; SP)&nbsp;<\/p>\n\n\n\n<p>Inscri\u00e7\u00f5es: <a href=\"https:\/\/febrabantech.febraban.org.br\/evento\/febrabantech2024\/home\">pelo link <\/a>&nbsp;<\/p>\n\n\n\n<p><strong>Rio Innovation Week &#8211; 4\u00aa Edi\u00e7\u00e3o<\/strong><\/p>\n\n\n\n<p>A quarta edi\u00e7\u00e3o do Rio Innovation Week promete ser um dos maiores encontros de inova\u00e7\u00e3o e tecnologia da Am\u00e9rica Latina. Com uma programa\u00e7\u00e3o diversificada, o evento abordar\u00e1 temas como startups, inova\u00e7\u00e3o corporativa, investimentos, tecnologia, intelig\u00eancia artificial e muito mais.&nbsp;<\/p>\n\n\n\n<p>O evento contar\u00e1 com a participa\u00e7\u00e3o de grandes nomes do mercado, como Nadia Murad, ativista dos direitos humanos e ganhadora do pr\u00eamio Nobel da Paz 2018; Nath Finan\u00e7as, youtuber e influenciadora de educa\u00e7\u00e3o financeira; Orkut Buyukkokten, criador do Orkut; Kenneth Corr\u00eaa, especialista em dados e inova\u00e7\u00e3o e professor de MBA da Funda\u00e7\u00e3o Get\u00falio Vargas (FGV); e outros grandes nomes do mercado.&nbsp;&nbsp;<\/p>\n\n\n\n<p>Quando: 13,14,15 e 16\/08\/2024&nbsp;&nbsp;<\/p>\n\n\n\n<p>Local: Pier Mau\u00e1 &#8211; (Av. Rodrigues Alves, 10 &#8211; Pra\u00e7a Mau\u00e1, Rio de Janeiro &#8211; RJ)&nbsp;<\/p>\n\n\n\n<p>Inscri\u00e7\u00f5es: <a href=\"https:\/\/www.sympla.com.br\/evento\/rio-innovation-week-4-edicao\/2421228?referrer=www.bing.com&amp;referrer=www.bing.com&amp;referrer=www.bing.com&amp;referrer=www.bing.com\">pelo link<\/a>&nbsp;&nbsp;<\/p>\n\n\n\n<p><strong>Insurtech Brasil 2024&nbsp;<\/strong><\/p>\n\n\n\n<p>Insurtech Brasil 2024 \u00e9 um evento focado na inova\u00e7\u00e3o tecnol\u00f3gica no setor de seguros. O evento reunir\u00e1 startups, investidores e empresas tradicionais para debater o futuro das insurtechs e suas solu\u00e7\u00f5es disruptivas. Grandes e pequenas empresas e startups est\u00e3o patrocinando o evento, como Vindi, CSD BR Registradora e Lina Open X. A Lina Open X, por exemplo, conduzir\u00e1 o painel &#8220;Open Insurance: Pr\u00f3ximos passos e impactos reais no mercado\u201d.&nbsp;<\/p>\n\n\n\n<p>Quando: 03\/07\/2024&nbsp;&nbsp;<\/p>\n\n\n\n<p>Local: Amcham Business Center &#8211; (Rua da Paz, 1431 \u2013 S\u00e3o Paulo, SP)&nbsp;<\/p>\n\n\n\n<p>Inscri\u00e7\u00f5es: <a href=\"https:\/\/www.insurtechbrasil.com\/\">pelo link<\/a>&nbsp;&nbsp;&nbsp;<\/p>\n\n\n\n<p><strong>Fire Festival<\/strong><\/p>\n\n\n\n<p>Criado pela Hotmart, o Fire Festival existe desde 2015, sendo um dos principais eventos de TI do Brasil. Entre as presen\u00e7as confirmadas, est\u00e3o Pedro Sobral, gestor de tr\u00e1fego pago e fundador do Subido PRO, Leandro Karnal, professor, escritor, historiador e um dos maiores pensadores da atualidade no Brasil, entre outros grandes nomes do mercado de tecnologia.&nbsp;<\/p>\n\n\n\n<p>Quando: 29, 30 e 31\/08\/2024<\/p>\n\n\n\n<p>Local: Expominas &#8211; Av. Amazonas, 6200 &#8211; Gameleira, Belo Horizonte &#8211; MG<\/p>\n\n\n\n<p>Inscri\u00e7\u00f5es: <a href=\"https:\/\/fire.hotmart.com\/\">pelo link<\/a>&nbsp;<\/p>\n\n\n\n<p><strong>RPA &amp; AI Congress 2024&nbsp; &#8211; Blumenau&nbsp;<\/strong><\/p>\n\n\n\n<p>A edi\u00e7\u00e3o de Blumenau do RPA &amp; AI Congress seguir\u00e1 o mesmo formato de Curitiba, trazendo conte\u00fados atualizados e relevantes sobre RPA e AI, focados na aplica\u00e7\u00e3o pr\u00e1tica e nos desafios do mercado. O CEO da Advisor10X AgileTech e especialista em tecnologia e neg\u00f3cios, Antonio Muniz, conduzir\u00e1 as palestras, workshops e sess\u00f5es de networking que contam com a participa\u00e7\u00e3o especial de: Alexandre Cardoso, Gerente Comercial Regional na Ricoh; Elder Gil Funk, Gerente de Engenharia Senior na Ambev Tech; Jonathan Aranha, Tech Lead do Grupo Soma e outros grandes nomes do mercado.&nbsp;&nbsp;<\/p>\n\n\n\n<p>Quando: 21\/06\/2024&nbsp;<\/p>\n\n\n\n<p>Local: Cia. Hering (Rua Hermann Hering, 1790 Bom Retiro &#8211; Blumenau &#8211; SC)<\/p>\n\n\n\n<p>Inscri\u00e7\u00f5es: <a href=\"https:\/\/www.sympla.com.br\/evento\/rpa-e-ai-congress-blumenau-2024\/2465356?referrer=iimainfo.com.br\">pelo link<\/a>&nbsp;<\/p>\n","protected":false},"excerpt":{"rendered":"<p>As principais oportunidades de adquirir conhecimento e networking em tecnologia e IA. Em um mundo cada vez mais digital, a realiza\u00e7\u00e3o de eventos, workshops e cursos de tecnologia e intelig\u00eancia artificial no Brasil \u00e9 fundamental para promover a inova\u00e7\u00e3o, desenvolver talentos, estimular a economia e enfrentar desafios globais.&nbsp; A Intelig\u00eancia Artificial (IA), por exemplo, j\u00e1 [&hellip;]<\/p>\n","protected":false},"author":3,"featured_media":2402,"comment_status":"open","ping_status":"open","sticky":false,"template":"","format":"standard","meta":{"footnotes":""},"categories":[23],"tags":[],"class_list":{"0":"post-2401","1":"post","2":"type-post","3":"status-publish","4":"format-standard","5":"has-post-thumbnail","7":"category-feirasdenegocios"},"_links":{"self":[{"href":"https:\/\/tveventos.tv.br\/index.php?rest_route=\/wp\/v2\/posts\/2401","targetHints":{"allow":["GET"]}}],"collection":[{"href":"https:\/\/tveventos.tv.br\/index.php?rest_route=\/wp\/v2\/posts"}],"about":[{"href":"https:\/\/tveventos.tv.br\/index.php?rest_route=\/wp\/v2\/types\/post"}],"author":[{"embeddable":true,"href":"https:\/\/tveventos.tv.br\/index.php?rest_route=\/wp\/v2\/users\/3"}],"replies":[{"embeddable":true,"href":"https:\/\/tveventos.tv.br\/index.php?rest_route=%2Fwp%2Fv2%2Fcomments&post=2401"}],"version-history":[{"count":1,"href":"https:\/\/tveventos.tv.br\/index.php?rest_route=\/wp\/v2\/posts\/2401\/revisions"}],"predecessor-version":[{"id":2403,"href":"https:\/\/tveventos.tv.br\/index.php?rest_route=\/wp\/v2\/posts\/2401\/revisions\/2403"}],"wp:featuredmedia":[{"embeddable":true,"href":"https:\/\/tveventos.tv.br\/index.php?rest_route=\/wp\/v2\/media\/2402"}],"wp:attachment":[{"href":"https:\/\/tveventos.tv.br\/index.php?rest_route=%2Fwp%2Fv2%2Fmedia&parent=2401"}],"wp:term":[{"taxonomy":"category","embeddable":true,"href":"https:\/\/tveventos.tv.br\/index.php?rest_route=%2Fwp%2Fv2%2Fcategories&post=2401"},{"taxonomy":"post_tag","embeddable":true,"href":"https:\/\/tveventos.tv.br\/index.php?rest_route=%2Fwp%2Fv2%2Ftags&post=2401"}],"curies":[{"name":"wp","href":"https:\/\/api.w.org\/{rel}","templated":true}]}}