{"id":2404,"date":"2024-06-25T17:22:24","date_gmt":"2024-06-25T20:22:24","guid":{"rendered":"https:\/\/tveventos.tv.br\/?p=2404"},"modified":"2024-06-25T17:22:28","modified_gmt":"2024-06-25T20:22:28","slug":"expo-center-norte-recebe-uma-das-maiores-feiras-de-empreendedorismo-do-brasil","status":"publish","type":"post","link":"https:\/\/tveventos.tv.br\/?p=2404","title":{"rendered":"Expo Center Norte recebe uma das maiores feiras de Empreendedorismo do Brasil"},"content":{"rendered":"\n<p><em>O evento re\u00fane mais de 500 marcas e expositores dos mais variados segmentos de Servi\u00e7os, Franquias, Educa\u00e7\u00e3o, Tecnologia, Sa\u00fade, Alimenta\u00e7\u00e3o, Beleza, Turismo, Entretenimento entre outros.<\/em><\/p>\n\n\n\n<p>Se tornar um empreendedor est\u00e1 cada vez mais em alta, e para auxiliar os novos empres\u00e1rios, a Expo Empreendedor 2024 j\u00e1 tem data marcada, entre os dias 26 e 27 de julho, no Expo Center Norte, em S\u00e3o Paulo. O evento ter\u00e1 uma programa\u00e7\u00e3o intensa e repleta de atividades, com marcas e empresas nacionais e internacionais, que inspiram, ajudam e desenvolvem novas habilidades aos participantes. Um dos grandes destaques ser\u00e1 o networking presencial, onde os empres\u00e1rios poder\u00e3o se conectar e trocar experi\u00eancias com outros empreendedores, startups, investidores e mentores.<\/p>\n\n\n\n<p>Em 3 mega palcos, estar\u00e3o presentes alguns dos mais importantes especialistas e personalidades do Brasil, Carlos Wizard, Cris Arcangelli, Jo\u00e3o Appolin\u00e1rio, Renner Silva, Greice Joviane, Elisiane Moreira, Felipe Franco, entre outros. Com o tema &#8220;Empreender ficou mais f\u00e1cil&#8221;, a Expo Empreendedor 2024 tem entrada gratuita ao p\u00fablico. Al\u00e9m do Ingresso VIP para ter acesso \u00e0s palestras, entre outros benef\u00edcios.<\/p>\n\n\n\n<p><strong>Sustentabilidade<\/strong><\/p>\n\n\n\n<p>Entre as a\u00e7\u00f5es previstas para 2024 est\u00e1 a destina\u00e7\u00e3o cuidadosa e atenta, dos res\u00edduos gerados pelo evento. Ser\u00e3o distribu\u00eddas pelo pavilh\u00e3o mais de 150 lixeiras feitas de material recicl\u00e1vel, para o descarte de recicl\u00e1veis e org\u00e2nicos. 90% do impacto ao meio ambiente ser\u00e1 compensado e otimizado, com sinaliza\u00e7\u00e3o inovadora e engajamento de expositores e visitantes na mudan\u00e7a da rotina em suas empresas.<\/p>\n\n\n\n<p><strong>Compromissos sociais<\/strong><\/p>\n\n\n\n<p>Esfor\u00e7os cont\u00ednuos para erradica\u00e7\u00e3o de qualquer intoler\u00e2ncia e preconceitos raciais, afetivos, e incentivos \u00e0 igualdade de g\u00eaneros; incentivo \u00e0s empresas que doam recursos para ONGs e institui\u00e7\u00f5es.<\/p>\n\n\n\n<p><strong>SERVI\u00c7O<\/strong><\/p>\n\n\n\n<p>26 e 27 de julho de 2024 &#8211; Das 11h \u00e0s 19h<\/p>\n\n\n\n<p>Local: Expo Center Norte &#8211; Pavilh\u00e3o Amarelo<\/p>\n\n\n\n<p>Endere\u00e7o: Av. Otto Baumgart, 1000 &#8211; Vila Guilherme, S\u00e3o Paulo &#8211; SP<\/p>\n\n\n\n<p>Mais informa\u00e7\u00f5es em: https:\/\/expoempreendedor.com.br<\/p>\n\n\n\n<p>Informa\u00e7\u00f5es: (11) 4172-5266<\/p>\n","protected":false},"excerpt":{"rendered":"<p>O evento re\u00fane mais de 500 marcas e expositores dos mais variados segmentos de Servi\u00e7os, Franquias, Educa\u00e7\u00e3o, Tecnologia, Sa\u00fade, Alimenta\u00e7\u00e3o, Beleza, Turismo, Entretenimento entre outros. Se tornar um empreendedor est\u00e1 cada vez mais em alta, e para auxiliar os novos empres\u00e1rios, a Expo Empreendedor 2024 j\u00e1 tem data marcada, entre os dias 26 e 27 [&hellip;]<\/p>\n","protected":false},"author":3,"featured_media":2405,"comment_status":"open","ping_status":"open","sticky":false,"template":"","format":"standard","meta":{"footnotes":""},"categories":[23],"tags":[],"class_list":{"0":"post-2404","1":"post","2":"type-post","3":"status-publish","4":"format-standard","5":"has-post-thumbnail","7":"category-feirasdenegocios"},"_links":{"self":[{"href":"https:\/\/tveventos.tv.br\/index.php?rest_route=\/wp\/v2\/posts\/2404","targetHints":{"allow":["GET"]}}],"collection":[{"href":"https:\/\/tveventos.tv.br\/index.php?rest_route=\/wp\/v2\/posts"}],"about":[{"href":"https:\/\/tveventos.tv.br\/index.php?rest_route=\/wp\/v2\/types\/post"}],"author":[{"embeddable":true,"href":"https:\/\/tveventos.tv.br\/index.php?rest_route=\/wp\/v2\/users\/3"}],"replies":[{"embeddable":true,"href":"https:\/\/tveventos.tv.br\/index.php?rest_route=%2Fwp%2Fv2%2Fcomments&post=2404"}],"version-history":[{"count":1,"href":"https:\/\/tveventos.tv.br\/index.php?rest_route=\/wp\/v2\/posts\/2404\/revisions"}],"predecessor-version":[{"id":2406,"href":"https:\/\/tveventos.tv.br\/index.php?rest_route=\/wp\/v2\/posts\/2404\/revisions\/2406"}],"wp:featuredmedia":[{"embeddable":true,"href":"https:\/\/tveventos.tv.br\/index.php?rest_route=\/wp\/v2\/media\/2405"}],"wp:attachment":[{"href":"https:\/\/tveventos.tv.br\/index.php?rest_route=%2Fwp%2Fv2%2Fmedia&parent=2404"}],"wp:term":[{"taxonomy":"category","embeddable":true,"href":"https:\/\/tveventos.tv.br\/index.php?rest_route=%2Fwp%2Fv2%2Fcategories&post=2404"},{"taxonomy":"post_tag","embeddable":true,"href":"https:\/\/tveventos.tv.br\/index.php?rest_route=%2Fwp%2Fv2%2Ftags&post=2404"}],"curies":[{"name":"wp","href":"https:\/\/api.w.org\/{rel}","templated":true}]}}