{"id":2408,"date":"2024-06-26T14:44:01","date_gmt":"2024-06-26T17:44:01","guid":{"rendered":"https:\/\/tveventos.tv.br\/?p=2408"},"modified":"2024-06-26T14:44:05","modified_gmt":"2024-06-26T17:44:05","slug":"complexo-do-anhembi-reabre-em-sao-paulo-apos-mais-de-um-ano-de-obra-e-investimentos-de-r-15-bilhao","status":"publish","type":"post","link":"https:\/\/tveventos.tv.br\/?p=2408","title":{"rendered":"Complexo do Anhembi reabre em S\u00e3o Paulo ap\u00f3s mais de um ano de obra e investimentos de R$ 1,5 bilh\u00e3o"},"content":{"rendered":"\n<p>Rebatizado como Distrito Anhembi, o local agora pode acomodar at\u00e9 20 mil pessoas. Al\u00e9m disso, j\u00e1 est\u00e3o programados mais de 60 eventos para o segundo semestre deste ano.<\/p>\n\n\n\n<p>O complexo do Anhembi \u00e9 reinaugurado oficialmente hoje, ap\u00f3s 14 meses de obras e um bilh\u00e3o e meio gasto na reforma. O local \u00e9 um dos principais espa\u00e7os de eventos na capital, e agora passa a ter capacidade para at\u00e9 20 mil pessoas. A estrutura tem 400 mil metros quadrados e comporta at\u00e9 dez eventos ao mesmo tempo.<\/p>\n\n\n\n<p>A promessa da concession\u00e1ria \u00e9 de que o Anhembi passe a ser o principal complexo de eventos da Am\u00e9rica Latina. A estimativa \u00e9 de que os eventos realizados no espa\u00e7o movimentem 5 bilh\u00f5es de reais por ano a partir de 2025.<\/p>\n\n\n\n<p>A concession\u00e1ria &#8216;GL events&#8217; continuou realizando confer\u00eancias menores no espa\u00e7o durante a reforma. Mas, o primeiro grande evento no Anhembi reinaugurado ser\u00e1 a Bienal do Livro. A feira ocorre de 6 a 15 de setembro. E a expectativa \u00e9 atrair 600 mil pessoas nos dez dias.<\/p>\n\n\n\n<p>O agora rebatizado de Distrito Anhembi j\u00e1 tem mais de 60 eventos confirmados para o segundo semestre.<\/p>\n\n\n\n<p>Fonte: CBN GLOBO<\/p>\n","protected":false},"excerpt":{"rendered":"<p>Rebatizado como Distrito Anhembi, o local agora pode acomodar at\u00e9 20 mil pessoas. Al\u00e9m disso, j\u00e1 est\u00e3o programados mais de 60 eventos para o segundo semestre deste ano. O complexo do Anhembi \u00e9 reinaugurado oficialmente hoje, ap\u00f3s 14 meses de obras e um bilh\u00e3o e meio gasto na reforma. O local \u00e9 um dos principais [&hellip;]<\/p>\n","protected":false},"author":2,"featured_media":2409,"comment_status":"open","ping_status":"open","sticky":false,"template":"","format":"standard","meta":{"footnotes":""},"categories":[23],"tags":[],"class_list":{"0":"post-2408","1":"post","2":"type-post","3":"status-publish","4":"format-standard","5":"has-post-thumbnail","7":"category-feirasdenegocios"},"_links":{"self":[{"href":"https:\/\/tveventos.tv.br\/index.php?rest_route=\/wp\/v2\/posts\/2408","targetHints":{"allow":["GET"]}}],"collection":[{"href":"https:\/\/tveventos.tv.br\/index.php?rest_route=\/wp\/v2\/posts"}],"about":[{"href":"https:\/\/tveventos.tv.br\/index.php?rest_route=\/wp\/v2\/types\/post"}],"author":[{"embeddable":true,"href":"https:\/\/tveventos.tv.br\/index.php?rest_route=\/wp\/v2\/users\/2"}],"replies":[{"embeddable":true,"href":"https:\/\/tveventos.tv.br\/index.php?rest_route=%2Fwp%2Fv2%2Fcomments&post=2408"}],"version-history":[{"count":1,"href":"https:\/\/tveventos.tv.br\/index.php?rest_route=\/wp\/v2\/posts\/2408\/revisions"}],"predecessor-version":[{"id":2410,"href":"https:\/\/tveventos.tv.br\/index.php?rest_route=\/wp\/v2\/posts\/2408\/revisions\/2410"}],"wp:featuredmedia":[{"embeddable":true,"href":"https:\/\/tveventos.tv.br\/index.php?rest_route=\/wp\/v2\/media\/2409"}],"wp:attachment":[{"href":"https:\/\/tveventos.tv.br\/index.php?rest_route=%2Fwp%2Fv2%2Fmedia&parent=2408"}],"wp:term":[{"taxonomy":"category","embeddable":true,"href":"https:\/\/tveventos.tv.br\/index.php?rest_route=%2Fwp%2Fv2%2Fcategories&post=2408"},{"taxonomy":"post_tag","embeddable":true,"href":"https:\/\/tveventos.tv.br\/index.php?rest_route=%2Fwp%2Fv2%2Ftags&post=2408"}],"curies":[{"name":"wp","href":"https:\/\/api.w.org\/{rel}","templated":true}]}}