{"id":2435,"date":"2024-06-28T15:50:49","date_gmt":"2024-06-28T18:50:49","guid":{"rendered":"https:\/\/tveventos.tv.br\/?p=2435"},"modified":"2024-06-28T15:50:52","modified_gmt":"2024-06-28T18:50:52","slug":"praca-do-artesao-vai-reunir-tecnicas-e-produtos-diferenciados-na-mega-artesanal-2024","status":"publish","type":"post","link":"https:\/\/tveventos.tv.br\/?p=2435","title":{"rendered":"Pra\u00e7a do Artes\u00e3o vai reunir t\u00e9cnicas e produtos diferenciados na Mega Artesanal 2024"},"content":{"rendered":"\n<p class=\"has-text-align-center\"><em>Maior feira do mercado do artesanato da Am\u00e9rica Latina deve atrair cerca de 100 mil visitantes entre os dias 27 e 31 de julho, em S\u00e3o Paulo<\/em><\/p>\n\n\n\n<p>Falta cerca de um m\u00eas para a Mega Artesanal 2024, o evento mais aguardado pelo mercado do artesanato brasileiro. Um dos espa\u00e7os de maior destaque da feira, que est\u00e1 marcada para os dias 27 a 31 de julho, no S\u00e3o Paulo Expo, \u00e9 a Pra\u00e7a do Artes\u00e3o. Neste ano, somente esta ala deve reunir cerca de 50 expositores com o que h\u00e1 de mais diversificado em t\u00e9cnicas e produtos para artesanato.<\/p>\n\n\n\n<p>\u201cA Pra\u00e7a do Artes\u00e3o \u00e9 um dos espa\u00e7os mais visitados da feira e mostra que \u00e9 perfeitamente poss\u00edvel viver do artesanato. \u00c9 ali que os visitantes encontrar\u00e3o as pe\u00e7as prontas com uma variedade de t\u00e9cnicas, produtos diferenciados e insumos diferentes para usar em seus trabalhos, desde bijuterias, tric\u00f4, croch\u00ea, sacolas, bonecas etc.\u201d, enfatiza Rita Mazzotti, diretora da WR S\u00e3o Paulo, organizadora da Mega Artesanal.<\/p>\n\n\n\n<p>Segundo dados do Sebrae, a ind\u00fastria do artesanato movimenta mais de R$ 100 bilh\u00f5es por ano no Brasil, cerca de 3% do Produto Interno Bruto (PIB). S\u00e3o mais de 8,5 milh\u00f5es de artes\u00e3os espalhados por todos os estados. Neste ano, pelo menos 100 mil visitantes, entre eles caravanas do Paraguai, da Argentina e do Chile, devem acompanhar a Mega Artesanal, que \u00e9 a maior feira de produtos e t\u00e9cnicas para arte, artesanato e artes manuais da Am\u00e9rica Latina.<\/p>\n\n\n\n<p>Ser\u00e3o mais de 34 mil m<sup>2&nbsp;<\/sup>de exposi\u00e7\u00e3o na capital paulista. Al\u00e9m da Pra\u00e7a do Artes\u00e3o, a edi\u00e7\u00e3o deste ano ter\u00e1 o Pa\u00e7o do Com\u00e9rcio, o P\u00e1tio da Ind\u00fastria, o Espa\u00e7o Ateli\u00ea e o Espa\u00e7o Confeitaria &amp; Scrapbooking. O evento re\u00fane ind\u00fastria, com\u00e9rcio, ateli\u00eas, artes\u00e3os e artistas, que ditam as tend\u00eancias do setor, oferece milhares de cursos e demonstra\u00e7\u00f5es, al\u00e9m de produtos, mat\u00e9rias primas, projetos, desafios, exposi\u00e7\u00f5es, encontros, neg\u00f3cios, entre outras oportunidades.<\/p>\n\n\n\n<p>O segundo lote de ingressos para a Mega Artesanal 2024 j\u00e1 est\u00e1 dispon\u00edvel com descontos pelo&nbsp;<a href=\"http:\/\/wrsaopaulo.com.br\/megaartesanal\" target=\"_blank\" rel=\"noreferrer noopener\">wrsaopaulo.com.br\/megaartesanal<\/a>.<\/p>\n\n\n\n<p>A WR \u00e9 especializada na promo\u00e7\u00e3o e organiza\u00e7\u00e3o de feiras e congressos, nacionais e internacionais. Em 2003, entrou no setor de arte, artesanato e artes manuais e, desde ent\u00e3o, responde pela realiza\u00e7\u00e3o das principais feiras do setor, com \u00eanfase na oferta de cursos, oficinas e workshops para capacita\u00e7\u00e3o e reciclagem de t\u00e9cnicas e de espa\u00e7os de inspira\u00e7\u00e3o, com exposi\u00e7\u00f5es, simula\u00e7\u00f5es de ambientes, instala\u00e7\u00f5es etc. Integram ainda o calend\u00e1rio de feiras a Artesanal Sul (Porto Alegre\/RS), a Artesanal Nordeste (Olinda\/PE), a Brazil Patchwork e Scrapbooking Show (S\u00e3o Paulo\/SP), e a Criativa SP (S\u00e3o Paulo\/SP).<\/p>\n\n\n\n<p><strong>Servi\u00e7o &#8211; MEGA ARTESANAL 2024<\/strong><\/p>\n\n\n\n<p><strong>Data<\/strong>: 27 a 31 de julho de 2024<\/p>\n\n\n\n<p><strong>Local<\/strong>: S\u00e3o Paulo Expo<\/p>\n\n\n\n<p><strong>Endere\u00e7o<\/strong>: Rodovia dos Imigrantes,&nbsp;Km 1,5, \u00c1gua Funda &#8211;&nbsp;S\u00e3o Paulo\/SP<\/p>\n\n\n\n<p><strong>Hor\u00e1rios:&nbsp;<\/strong>Das 10h \u00e0s 18h<\/p>\n\n\n\n<p><strong>Ingressos:<\/strong>&nbsp;2\u00ba lote com desconto dispon\u00edvel pelo&nbsp;<a href=\"http:\/\/wrsaopaulo.com.br\/megaartesanal\" target=\"_blank\" rel=\"noreferrer noopener\">wrsaopaulo.com.br\/megaartesanal<\/a><\/p>\n\n\n\n<p><strong>Valores<\/strong>: R$ 40 (inteira) \/ R$ 20 (meia) (at\u00e9 17 de julho).<\/p>\n\n\n\n<p><strong>Restri\u00e7\u00f5es<\/strong>: Proibida e entrada de menores de 12 anos, exceto lactentes de at\u00e9 2 anos.<\/p>\n\n\n\n<p><strong>Vans Gratuitas:<\/strong>&nbsp;Saindo do Metr\u00f4 S\u00e3o Judas<\/p>\n\n\n\n<p><strong>Outros detalhes<\/strong>:&nbsp;<a href=\"http:\/\/wrsaopaulo.com.br\/megaartesanal\" target=\"_blank\" rel=\"noreferrer noopener\">wrsaopaulo.com.br\/megaartesanal<\/a><\/p>\n","protected":false},"excerpt":{"rendered":"<p>Maior feira do mercado do artesanato da Am\u00e9rica Latina deve atrair cerca de 100 mil visitantes entre os dias 27 e 31 de julho, em S\u00e3o Paulo Falta cerca de um m\u00eas para a Mega Artesanal 2024, o evento mais aguardado pelo mercado do artesanato brasileiro. Um dos espa\u00e7os de maior destaque da feira, que [&hellip;]<\/p>\n","protected":false},"author":2,"featured_media":2436,"comment_status":"open","ping_status":"open","sticky":false,"template":"","format":"standard","meta":{"footnotes":""},"categories":[23],"tags":[],"class_list":{"0":"post-2435","1":"post","2":"type-post","3":"status-publish","4":"format-standard","5":"has-post-thumbnail","7":"category-feirasdenegocios"},"_links":{"self":[{"href":"https:\/\/tveventos.tv.br\/index.php?rest_route=\/wp\/v2\/posts\/2435","targetHints":{"allow":["GET"]}}],"collection":[{"href":"https:\/\/tveventos.tv.br\/index.php?rest_route=\/wp\/v2\/posts"}],"about":[{"href":"https:\/\/tveventos.tv.br\/index.php?rest_route=\/wp\/v2\/types\/post"}],"author":[{"embeddable":true,"href":"https:\/\/tveventos.tv.br\/index.php?rest_route=\/wp\/v2\/users\/2"}],"replies":[{"embeddable":true,"href":"https:\/\/tveventos.tv.br\/index.php?rest_route=%2Fwp%2Fv2%2Fcomments&post=2435"}],"version-history":[{"count":1,"href":"https:\/\/tveventos.tv.br\/index.php?rest_route=\/wp\/v2\/posts\/2435\/revisions"}],"predecessor-version":[{"id":2437,"href":"https:\/\/tveventos.tv.br\/index.php?rest_route=\/wp\/v2\/posts\/2435\/revisions\/2437"}],"wp:featuredmedia":[{"embeddable":true,"href":"https:\/\/tveventos.tv.br\/index.php?rest_route=\/wp\/v2\/media\/2436"}],"wp:attachment":[{"href":"https:\/\/tveventos.tv.br\/index.php?rest_route=%2Fwp%2Fv2%2Fmedia&parent=2435"}],"wp:term":[{"taxonomy":"category","embeddable":true,"href":"https:\/\/tveventos.tv.br\/index.php?rest_route=%2Fwp%2Fv2%2Fcategories&post=2435"},{"taxonomy":"post_tag","embeddable":true,"href":"https:\/\/tveventos.tv.br\/index.php?rest_route=%2Fwp%2Fv2%2Ftags&post=2435"}],"curies":[{"name":"wp","href":"https:\/\/api.w.org\/{rel}","templated":true}]}}