{"id":2441,"date":"2024-07-01T16:37:29","date_gmt":"2024-07-01T19:37:29","guid":{"rendered":"https:\/\/tveventos.tv.br\/?p=2441"},"modified":"2024-07-01T16:37:31","modified_gmt":"2024-07-01T19:37:31","slug":"expo-pizzaria","status":"publish","type":"post","link":"https:\/\/tveventos.tv.br\/?p=2441","title":{"rendered":"Expo Pizzaria"},"content":{"rendered":"\n<p>A Expo Pizzaria \u00e9 a maior feira de pizzas da am\u00e9rica latina. A Feira acontece anualmente e \u00e9 voltada aos expositores e representantes das marcas e produtos, insumos e equipamentos para quem trabalha com pizzas, bem como demais representantes do segmento aliment\u00edcio.<\/p>\n\n\n\n<p>Junte-se a n\u00f3s nos dias 10 e 11 de julho das 10h \u00e0s 19h, no Distrito Anhembi.&nbsp;<\/p>\n\n\n\n<p>Endere\u00e7o: Avenida Olavo Fontoura, N\u00b0 1. 209\/Santana, S\u00e3o Paulo, SP, 02012-021<\/p>\n","protected":false},"excerpt":{"rendered":"<p>A Expo Pizzaria \u00e9 a maior feira de pizzas da am\u00e9rica latina. A Feira acontece anualmente e \u00e9 voltada aos expositores e representantes das marcas e produtos, insumos e equipamentos para quem trabalha com pizzas, bem como demais representantes do segmento aliment\u00edcio. Junte-se a n\u00f3s nos dias 10 e 11 de julho das 10h \u00e0s [&hellip;]<\/p>\n","protected":false},"author":3,"featured_media":2442,"comment_status":"open","ping_status":"open","sticky":false,"template":"","format":"standard","meta":{"footnotes":""},"categories":[25],"tags":[],"class_list":{"0":"post-2441","1":"post","2":"type-post","3":"status-publish","4":"format-standard","5":"has-post-thumbnail","7":"category-calendariodeeventos"},"_links":{"self":[{"href":"https:\/\/tveventos.tv.br\/index.php?rest_route=\/wp\/v2\/posts\/2441","targetHints":{"allow":["GET"]}}],"collection":[{"href":"https:\/\/tveventos.tv.br\/index.php?rest_route=\/wp\/v2\/posts"}],"about":[{"href":"https:\/\/tveventos.tv.br\/index.php?rest_route=\/wp\/v2\/types\/post"}],"author":[{"embeddable":true,"href":"https:\/\/tveventos.tv.br\/index.php?rest_route=\/wp\/v2\/users\/3"}],"replies":[{"embeddable":true,"href":"https:\/\/tveventos.tv.br\/index.php?rest_route=%2Fwp%2Fv2%2Fcomments&post=2441"}],"version-history":[{"count":1,"href":"https:\/\/tveventos.tv.br\/index.php?rest_route=\/wp\/v2\/posts\/2441\/revisions"}],"predecessor-version":[{"id":2443,"href":"https:\/\/tveventos.tv.br\/index.php?rest_route=\/wp\/v2\/posts\/2441\/revisions\/2443"}],"wp:featuredmedia":[{"embeddable":true,"href":"https:\/\/tveventos.tv.br\/index.php?rest_route=\/wp\/v2\/media\/2442"}],"wp:attachment":[{"href":"https:\/\/tveventos.tv.br\/index.php?rest_route=%2Fwp%2Fv2%2Fmedia&parent=2441"}],"wp:term":[{"taxonomy":"category","embeddable":true,"href":"https:\/\/tveventos.tv.br\/index.php?rest_route=%2Fwp%2Fv2%2Fcategories&post=2441"},{"taxonomy":"post_tag","embeddable":true,"href":"https:\/\/tveventos.tv.br\/index.php?rest_route=%2Fwp%2Fv2%2Ftags&post=2441"}],"curies":[{"name":"wp","href":"https:\/\/api.w.org\/{rel}","templated":true}]}}