{"id":2444,"date":"2024-07-01T16:44:21","date_gmt":"2024-07-01T19:44:21","guid":{"rendered":"https:\/\/tveventos.tv.br\/?p=2444"},"modified":"2024-07-01T16:44:24","modified_gmt":"2024-07-01T19:44:24","slug":"5o-brazil-intl-apparel-sourcing","status":"publish","type":"post","link":"https:\/\/tveventos.tv.br\/?p=2444","title":{"rendered":"5\u00ba Brazil Int&#8217;l Apparel Sourcing"},"content":{"rendered":"\n<p>O 5th Brazil Int&#8217;l Apparel Sourcing Show 2024 \u00e9 uma Exposi\u00e7\u00e3o Internacional de Sourcing abrangente com os principais fabricantes e exportadores mundiais de vestu\u00e1rio com foco no mercado de Sourcing brasileiro e latino-americano.<\/p>\n\n\n\n<p>Junte-se a n\u00f3s nos dias 10 a 12 de julho das 10h \u00e0s 18h, no Pro Magno.&nbsp;&nbsp;<\/p>\n\n\n\n<p>Endere\u00e7o: Avenida Professora Ida Kolb 513, S\u00e3o Paulo, S\u00e3o Paulo, 02518-000&nbsp;<\/p>\n","protected":false},"excerpt":{"rendered":"<p>O 5th Brazil Int&#8217;l Apparel Sourcing Show 2024 \u00e9 uma Exposi\u00e7\u00e3o Internacional de Sourcing abrangente com os principais fabricantes e exportadores mundiais de vestu\u00e1rio com foco no mercado de Sourcing brasileiro e latino-americano. Junte-se a n\u00f3s nos dias 10 a 12 de julho das 10h \u00e0s 18h, no Pro Magno.&nbsp;&nbsp; Endere\u00e7o: Avenida Professora Ida Kolb [&hellip;]<\/p>\n","protected":false},"author":3,"featured_media":2445,"comment_status":"open","ping_status":"open","sticky":false,"template":"","format":"standard","meta":{"footnotes":""},"categories":[23],"tags":[],"class_list":{"0":"post-2444","1":"post","2":"type-post","3":"status-publish","4":"format-standard","5":"has-post-thumbnail","7":"category-feirasdenegocios"},"_links":{"self":[{"href":"https:\/\/tveventos.tv.br\/index.php?rest_route=\/wp\/v2\/posts\/2444","targetHints":{"allow":["GET"]}}],"collection":[{"href":"https:\/\/tveventos.tv.br\/index.php?rest_route=\/wp\/v2\/posts"}],"about":[{"href":"https:\/\/tveventos.tv.br\/index.php?rest_route=\/wp\/v2\/types\/post"}],"author":[{"embeddable":true,"href":"https:\/\/tveventos.tv.br\/index.php?rest_route=\/wp\/v2\/users\/3"}],"replies":[{"embeddable":true,"href":"https:\/\/tveventos.tv.br\/index.php?rest_route=%2Fwp%2Fv2%2Fcomments&post=2444"}],"version-history":[{"count":1,"href":"https:\/\/tveventos.tv.br\/index.php?rest_route=\/wp\/v2\/posts\/2444\/revisions"}],"predecessor-version":[{"id":2446,"href":"https:\/\/tveventos.tv.br\/index.php?rest_route=\/wp\/v2\/posts\/2444\/revisions\/2446"}],"wp:featuredmedia":[{"embeddable":true,"href":"https:\/\/tveventos.tv.br\/index.php?rest_route=\/wp\/v2\/media\/2445"}],"wp:attachment":[{"href":"https:\/\/tveventos.tv.br\/index.php?rest_route=%2Fwp%2Fv2%2Fmedia&parent=2444"}],"wp:term":[{"taxonomy":"category","embeddable":true,"href":"https:\/\/tveventos.tv.br\/index.php?rest_route=%2Fwp%2Fv2%2Fcategories&post=2444"},{"taxonomy":"post_tag","embeddable":true,"href":"https:\/\/tveventos.tv.br\/index.php?rest_route=%2Fwp%2Fv2%2Ftags&post=2444"}],"curies":[{"name":"wp","href":"https:\/\/api.w.org\/{rel}","templated":true}]}}