{"id":2447,"date":"2024-07-01T16:54:43","date_gmt":"2024-07-01T19:54:43","guid":{"rendered":"https:\/\/tveventos.tv.br\/?p=2447"},"modified":"2024-07-01T16:54:46","modified_gmt":"2024-07-01T19:54:46","slug":"future-print","status":"publish","type":"post","link":"https:\/\/tveventos.tv.br\/?p=2447","title":{"rendered":"Future Print"},"content":{"rendered":"\n<p>A Feira Future Print \u00e9 um evento especializado na ind\u00fastria de impress\u00e3o, abrangendo tecnologias como impress\u00e3o digital, serigrafia, comunica\u00e7\u00e3o visual, grandes formatos, etiquetas e afins. A feira re\u00fane fabricantes, distribuidores, fornecedores de insumos, prestadores de servi\u00e7os e profissionais do setor, oferecendo oportunidades para networking, demonstra\u00e7\u00e3o de novas tecnologias, lan\u00e7amento de produtos e atualiza\u00e7\u00e3o sobre tend\u00eancias do mercado. \u00c9 um espa\u00e7o importante para quem trabalha ou est\u00e1 interessado no segmento de impress\u00e3o e comunica\u00e7\u00e3o visual.<\/p>\n\n\n\n<p>Junte-se a n\u00f3s nos dias 10 a 13 de julho das 13h \u00e0s 20h, no Expo Center Norte.&nbsp;<\/p>\n\n\n\n<p>Endere\u00e7o: Rua Jos\u00e9 Bernardo Pinto 333, S\u00e3o Paulo, SP, 02055-000&nbsp;<\/p>\n","protected":false},"excerpt":{"rendered":"<p>A Feira Future Print \u00e9 um evento especializado na ind\u00fastria de impress\u00e3o, abrangendo tecnologias como impress\u00e3o digital, serigrafia, comunica\u00e7\u00e3o visual, grandes formatos, etiquetas e afins. A feira re\u00fane fabricantes, distribuidores, fornecedores de insumos, prestadores de servi\u00e7os e profissionais do setor, oferecendo oportunidades para networking, demonstra\u00e7\u00e3o de novas tecnologias, lan\u00e7amento de produtos e atualiza\u00e7\u00e3o sobre tend\u00eancias [&hellip;]<\/p>\n","protected":false},"author":3,"featured_media":2448,"comment_status":"open","ping_status":"open","sticky":false,"template":"","format":"standard","meta":{"footnotes":""},"categories":[23],"tags":[],"class_list":{"0":"post-2447","1":"post","2":"type-post","3":"status-publish","4":"format-standard","5":"has-post-thumbnail","7":"category-feirasdenegocios"},"_links":{"self":[{"href":"https:\/\/tveventos.tv.br\/index.php?rest_route=\/wp\/v2\/posts\/2447","targetHints":{"allow":["GET"]}}],"collection":[{"href":"https:\/\/tveventos.tv.br\/index.php?rest_route=\/wp\/v2\/posts"}],"about":[{"href":"https:\/\/tveventos.tv.br\/index.php?rest_route=\/wp\/v2\/types\/post"}],"author":[{"embeddable":true,"href":"https:\/\/tveventos.tv.br\/index.php?rest_route=\/wp\/v2\/users\/3"}],"replies":[{"embeddable":true,"href":"https:\/\/tveventos.tv.br\/index.php?rest_route=%2Fwp%2Fv2%2Fcomments&post=2447"}],"version-history":[{"count":1,"href":"https:\/\/tveventos.tv.br\/index.php?rest_route=\/wp\/v2\/posts\/2447\/revisions"}],"predecessor-version":[{"id":2449,"href":"https:\/\/tveventos.tv.br\/index.php?rest_route=\/wp\/v2\/posts\/2447\/revisions\/2449"}],"wp:featuredmedia":[{"embeddable":true,"href":"https:\/\/tveventos.tv.br\/index.php?rest_route=\/wp\/v2\/media\/2448"}],"wp:attachment":[{"href":"https:\/\/tveventos.tv.br\/index.php?rest_route=%2Fwp%2Fv2%2Fmedia&parent=2447"}],"wp:term":[{"taxonomy":"category","embeddable":true,"href":"https:\/\/tveventos.tv.br\/index.php?rest_route=%2Fwp%2Fv2%2Fcategories&post=2447"},{"taxonomy":"post_tag","embeddable":true,"href":"https:\/\/tveventos.tv.br\/index.php?rest_route=%2Fwp%2Fv2%2Ftags&post=2447"}],"curies":[{"name":"wp","href":"https:\/\/api.w.org\/{rel}","templated":true}]}}