{"id":2450,"date":"2024-07-01T17:24:55","date_gmt":"2024-07-01T20:24:55","guid":{"rendered":"https:\/\/tveventos.tv.br\/?p=2450"},"modified":"2024-07-01T17:24:58","modified_gmt":"2024-07-01T20:24:58","slug":"festival-do-japao","status":"publish","type":"post","link":"https:\/\/tveventos.tv.br\/?p=2450","title":{"rendered":"Festival do Jap\u00e3o\u00a0"},"content":{"rendered":"\n<p>No Festival do Jap\u00e3o 2024, voc\u00ea pode esperar uma variedade de atividades, como demonstra\u00e7\u00f5es de artes marciais, apresenta\u00e7\u00f5es de dan\u00e7as tradicionais como o Bon Odori, exposi\u00e7\u00f5es de ikebana (arranjos florais), kimonos e outras vestimentas tradicionais, al\u00e9m de uma grande diversidade gastron\u00f4mica com pratos t\u00edpicos japoneses.<\/p>\n\n\n\n<p>Cada edi\u00e7\u00e3o do festival costuma trazer novidades e atra\u00e7\u00f5es diferentes, ent\u00e3o o Festival do Jap\u00e3o 2024 certamente oferecer\u00e1 uma oportunidade \u00fanica para quem deseja mergulhar na cultura japonesa e experimentar sua rica heran\u00e7a cultural.<\/p>\n\n\n\n<p>Junte-se a n\u00f3s nos dias 12 a 14 de julho das 11h \u00e0s 21h, no S\u00e3o Paulo Expo.&nbsp;<\/p>\n\n\n\n<p>Endere\u00e7o: Rodovia dos Imigrantes, km 1,5 &#8211; \u00c1gua Funda S\u00e3o Paulo &#8211; SP, 04329-900<\/p>\n","protected":false},"excerpt":{"rendered":"<p>No Festival do Jap\u00e3o 2024, voc\u00ea pode esperar uma variedade de atividades, como demonstra\u00e7\u00f5es de artes marciais, apresenta\u00e7\u00f5es de dan\u00e7as tradicionais como o Bon Odori, exposi\u00e7\u00f5es de ikebana (arranjos florais), kimonos e outras vestimentas tradicionais, al\u00e9m de uma grande diversidade gastron\u00f4mica com pratos t\u00edpicos japoneses. Cada edi\u00e7\u00e3o do festival costuma trazer novidades e atra\u00e7\u00f5es diferentes, [&hellip;]<\/p>\n","protected":false},"author":3,"featured_media":2451,"comment_status":"open","ping_status":"open","sticky":false,"template":"","format":"standard","meta":{"footnotes":""},"categories":[25],"tags":[],"class_list":{"0":"post-2450","1":"post","2":"type-post","3":"status-publish","4":"format-standard","5":"has-post-thumbnail","7":"category-calendariodeeventos"},"_links":{"self":[{"href":"https:\/\/tveventos.tv.br\/index.php?rest_route=\/wp\/v2\/posts\/2450","targetHints":{"allow":["GET"]}}],"collection":[{"href":"https:\/\/tveventos.tv.br\/index.php?rest_route=\/wp\/v2\/posts"}],"about":[{"href":"https:\/\/tveventos.tv.br\/index.php?rest_route=\/wp\/v2\/types\/post"}],"author":[{"embeddable":true,"href":"https:\/\/tveventos.tv.br\/index.php?rest_route=\/wp\/v2\/users\/3"}],"replies":[{"embeddable":true,"href":"https:\/\/tveventos.tv.br\/index.php?rest_route=%2Fwp%2Fv2%2Fcomments&post=2450"}],"version-history":[{"count":1,"href":"https:\/\/tveventos.tv.br\/index.php?rest_route=\/wp\/v2\/posts\/2450\/revisions"}],"predecessor-version":[{"id":2452,"href":"https:\/\/tveventos.tv.br\/index.php?rest_route=\/wp\/v2\/posts\/2450\/revisions\/2452"}],"wp:featuredmedia":[{"embeddable":true,"href":"https:\/\/tveventos.tv.br\/index.php?rest_route=\/wp\/v2\/media\/2451"}],"wp:attachment":[{"href":"https:\/\/tveventos.tv.br\/index.php?rest_route=%2Fwp%2Fv2%2Fmedia&parent=2450"}],"wp:term":[{"taxonomy":"category","embeddable":true,"href":"https:\/\/tveventos.tv.br\/index.php?rest_route=%2Fwp%2Fv2%2Fcategories&post=2450"},{"taxonomy":"post_tag","embeddable":true,"href":"https:\/\/tveventos.tv.br\/index.php?rest_route=%2Fwp%2Fv2%2Ftags&post=2450"}],"curies":[{"name":"wp","href":"https:\/\/api.w.org\/{rel}","templated":true}]}}