{"id":2453,"date":"2024-07-01T17:38:12","date_gmt":"2024-07-01T20:38:12","guid":{"rendered":"https:\/\/tveventos.tv.br\/?p=2453"},"modified":"2024-07-01T17:38:14","modified_gmt":"2024-07-01T20:38:14","slug":"enflor","status":"publish","type":"post","link":"https:\/\/tveventos.tv.br\/?p=2453","title":{"rendered":"Enflor\u00a0"},"content":{"rendered":"\n<p>A Enflor (Encontro Nacional de Floristas) \u00e9 um evento bienal focado no setor de floricultura e decora\u00e7\u00e3o floral. O evento re\u00fane floristas, decoradores, produtores de flores e plantas, fornecedores de produtos e servi\u00e7os relacionados ao setor floral, al\u00e9m de oferecer palestras, workshops, exposi\u00e7\u00f5es e oportunidades de networking para os profissionais do ramo.<\/p>\n\n\n\n<p>Junte-se a n\u00f3s nos dias 14 a 18 de julho das 09h \u00e0s 19h, em Holambra\/SP<\/p>\n\n\n\n<p>Endere\u00e7o: Parque da Expoflora \u2013 Alameda Maur\u00edcio de Nassau, 675 \u2013 Holambra \u2013 SP<\/p>\n","protected":false},"excerpt":{"rendered":"<p>A Enflor (Encontro Nacional de Floristas) \u00e9 um evento bienal focado no setor de floricultura e decora\u00e7\u00e3o floral. O evento re\u00fane floristas, decoradores, produtores de flores e plantas, fornecedores de produtos e servi\u00e7os relacionados ao setor floral, al\u00e9m de oferecer palestras, workshops, exposi\u00e7\u00f5es e oportunidades de networking para os profissionais do ramo. Junte-se a n\u00f3s [&hellip;]<\/p>\n","protected":false},"author":3,"featured_media":2454,"comment_status":"open","ping_status":"open","sticky":false,"template":"","format":"standard","meta":{"footnotes":""},"categories":[25],"tags":[],"class_list":{"0":"post-2453","1":"post","2":"type-post","3":"status-publish","4":"format-standard","5":"has-post-thumbnail","7":"category-calendariodeeventos"},"_links":{"self":[{"href":"https:\/\/tveventos.tv.br\/index.php?rest_route=\/wp\/v2\/posts\/2453","targetHints":{"allow":["GET"]}}],"collection":[{"href":"https:\/\/tveventos.tv.br\/index.php?rest_route=\/wp\/v2\/posts"}],"about":[{"href":"https:\/\/tveventos.tv.br\/index.php?rest_route=\/wp\/v2\/types\/post"}],"author":[{"embeddable":true,"href":"https:\/\/tveventos.tv.br\/index.php?rest_route=\/wp\/v2\/users\/3"}],"replies":[{"embeddable":true,"href":"https:\/\/tveventos.tv.br\/index.php?rest_route=%2Fwp%2Fv2%2Fcomments&post=2453"}],"version-history":[{"count":1,"href":"https:\/\/tveventos.tv.br\/index.php?rest_route=\/wp\/v2\/posts\/2453\/revisions"}],"predecessor-version":[{"id":2455,"href":"https:\/\/tveventos.tv.br\/index.php?rest_route=\/wp\/v2\/posts\/2453\/revisions\/2455"}],"wp:featuredmedia":[{"embeddable":true,"href":"https:\/\/tveventos.tv.br\/index.php?rest_route=\/wp\/v2\/media\/2454"}],"wp:attachment":[{"href":"https:\/\/tveventos.tv.br\/index.php?rest_route=%2Fwp%2Fv2%2Fmedia&parent=2453"}],"wp:term":[{"taxonomy":"category","embeddable":true,"href":"https:\/\/tveventos.tv.br\/index.php?rest_route=%2Fwp%2Fv2%2Fcategories&post=2453"},{"taxonomy":"post_tag","embeddable":true,"href":"https:\/\/tveventos.tv.br\/index.php?rest_route=%2Fwp%2Fv2%2Ftags&post=2453"}],"curies":[{"name":"wp","href":"https:\/\/api.w.org\/{rel}","templated":true}]}}