{"id":2456,"date":"2024-07-01T18:10:46","date_gmt":"2024-07-01T21:10:46","guid":{"rendered":"https:\/\/tveventos.tv.br\/?p=2456"},"modified":"2024-07-02T15:38:41","modified_gmt":"2024-07-02T18:38:41","slug":"maior-feira-de-private-label-do-brasil-abre-credenciamento-para-visitantes","status":"publish","type":"post","link":"https:\/\/tveventos.tv.br\/?p=2456","title":{"rendered":"Maior feira de private label do Brasil abre credenciamento para visitantes"},"content":{"rendered":"\n<p><em>PL Connection 2024 acontece no Expo Center Norte, em S\u00e3o Paulo, nos dias 17, 18 e 19 de setembro.<\/em><\/p>\n\n\n\n<p>A partir de 17 de setembro, o PL Connection 2024 ir\u00e1 transformar o Expo Center Norte, em S\u00e3o Paulo, no epicentro do mercado de <em>private label<\/em>. Trata-se de um evento essencial para quem busca se conectar com as \u00faltimas tend\u00eancias, solu\u00e7\u00f5es inovadoras e os principais <em>players<\/em> do setor.<\/p>\n\n\n\n<p>Na edi\u00e7\u00e3o de 2024 s\u00e3o aguardados mais de 100 expositores para apresenta\u00e7\u00e3o de seus produtos e servi\u00e7os, abrangendo \u00e1reas como alimentos, bebidas, higiene pessoal, beleza, pet e muitas outras empresas que comp\u00f5em o ecossistema de marca pr\u00f3pria. Os organizadores do PL Connection esperam que o evento re\u00fana mais de 3 mil visitantes. No evento, s\u00e3o esperadas as presen\u00e7as de marcas como Carrefour, Grupo P\u00e3o de A\u00e7\u00facar, Cobasi, Petz, Lopes Supermercados, Droga Raia, Sam\u00b4s Club, Tenda Atacado, entre outras.<\/p>\n\n\n\n<p>Nesta edi\u00e7\u00e3o, o evento ainda traz novidades na programa\u00e7\u00e3o como rodada de neg\u00f3cios, a Arena PL Connection, que vai apresentar conte\u00fados gerais e t\u00e9cnicos para o setor, e o lan\u00e7amento do Pr\u00eamio Excel\u00eancia em Marca Pr\u00f3pria 2024, celebra\u00e7\u00e3o que visa reconhecer os varejistas, ind\u00fastrias e empresas de servi\u00e7os que tiveram um papel fundamental no desenvolvimento de produtos exclusivos durante o ano de 2023 e o primeiro semestre de 2024.&nbsp;&nbsp;&nbsp;<\/p>\n\n\n\n<p>Ano passado, a feira reuniu 43 expositores, distribu\u00eddos entre os setores de Alimenta\u00e7\u00e3o (60,6%), Beleza, Sa\u00fade e Bem-Estar (23,2%), Diversos (9,1%) e Pet (7,1%), e atraiu 2.500 visitantes, dos quais 60% eram tomadores de decis\u00f5es, incluindo gerentes (18%), diretores (19%) e CEOs (23%), representando 18 estados brasileiros. O evento tamb\u00e9m recebeu redes varejistas de destaque, como Petz, PagueMenos, Carrefour, Assa\u00ed Atacadista, RaiaDrogasil, Sumir\u00ea, Lopes Supermercados, GPA, Panvel Farm\u00e1cias e Petland.<\/p>\n\n\n\n<p>\u201cEstamos ansiosos para ver o PL Connection 2024 impactar e transformar o mercado de <em>private label<\/em> na Am\u00e9rica Latina. Este evento \u00e9 uma oportunidade \u00fanica para as empresas e profissionais se conectarem, apresentarem suas inova\u00e7\u00f5es e expandirem suas redes de neg\u00f3cios de maneira significativa\u201d, destaca Ant\u00f4nio S\u00e1, s\u00f3cio-fundador da Amicci.<\/p>\n\n\n\n<p>O credenciamento para o PL Connection 2024 j\u00e1 est\u00e1 aberto, com inscri\u00e7\u00e3o gratuita. Basta acessar o site oficial do evento e inscrever-se: <a href=\"https:\/\/plconnection.com.br\/credenciamento\/\">https:\/\/plconnection.com.br\/credenciamento\/<\/a>.<\/p>\n\n\n\n<p><strong>Servi\u00e7o<\/strong><\/p>\n\n\n\n<p>Dia: 17 a 19 de setembro de 2024<\/p>\n\n\n\n<p>Hor\u00e1rio: das 10h \u00e0s 20h nos dois primeiros dias. No terceiro dia, das 10h \u00e0s 18h.<\/p>\n\n\n\n<p>Local: Expo Center Norte (Pavilh\u00e3o azul) &#8211; Rua Jos\u00e9 Bernardo Pinto, 333 &#8211; Vila Guilherme, S\u00e3o Paulo (SP).<\/p>\n\n\n\n<p>Mais informa\u00e7\u00f5es em: <a href=\"https:\/\/plconnection.com.br\/\">https:\/\/plconnection.com.br\/<\/a><\/p>\n","protected":false},"excerpt":{"rendered":"<p>PL Connection 2024 acontece no Expo Center Norte, em S\u00e3o Paulo, nos dias 17, 18 e 19 de setembro. A partir de 17 de setembro, o PL Connection 2024 ir\u00e1 transformar o Expo Center Norte, em S\u00e3o Paulo, no epicentro do mercado de private label. Trata-se de um evento essencial para quem busca se conectar [&hellip;]<\/p>\n","protected":false},"author":3,"featured_media":2463,"comment_status":"open","ping_status":"open","sticky":false,"template":"","format":"standard","meta":{"footnotes":""},"categories":[23],"tags":[],"class_list":{"0":"post-2456","1":"post","2":"type-post","3":"status-publish","4":"format-standard","5":"has-post-thumbnail","7":"category-feirasdenegocios"},"_links":{"self":[{"href":"https:\/\/tveventos.tv.br\/index.php?rest_route=\/wp\/v2\/posts\/2456","targetHints":{"allow":["GET"]}}],"collection":[{"href":"https:\/\/tveventos.tv.br\/index.php?rest_route=\/wp\/v2\/posts"}],"about":[{"href":"https:\/\/tveventos.tv.br\/index.php?rest_route=\/wp\/v2\/types\/post"}],"author":[{"embeddable":true,"href":"https:\/\/tveventos.tv.br\/index.php?rest_route=\/wp\/v2\/users\/3"}],"replies":[{"embeddable":true,"href":"https:\/\/tveventos.tv.br\/index.php?rest_route=%2Fwp%2Fv2%2Fcomments&post=2456"}],"version-history":[{"count":1,"href":"https:\/\/tveventos.tv.br\/index.php?rest_route=\/wp\/v2\/posts\/2456\/revisions"}],"predecessor-version":[{"id":2458,"href":"https:\/\/tveventos.tv.br\/index.php?rest_route=\/wp\/v2\/posts\/2456\/revisions\/2458"}],"wp:featuredmedia":[{"embeddable":true,"href":"https:\/\/tveventos.tv.br\/index.php?rest_route=\/wp\/v2\/media\/2463"}],"wp:attachment":[{"href":"https:\/\/tveventos.tv.br\/index.php?rest_route=%2Fwp%2Fv2%2Fmedia&parent=2456"}],"wp:term":[{"taxonomy":"category","embeddable":true,"href":"https:\/\/tveventos.tv.br\/index.php?rest_route=%2Fwp%2Fv2%2Fcategories&post=2456"},{"taxonomy":"post_tag","embeddable":true,"href":"https:\/\/tveventos.tv.br\/index.php?rest_route=%2Fwp%2Fv2%2Ftags&post=2456"}],"curies":[{"name":"wp","href":"https:\/\/api.w.org\/{rel}","templated":true}]}}