{"id":2460,"date":"2024-07-02T14:35:03","date_gmt":"2024-07-02T17:35:03","guid":{"rendered":"https:\/\/tveventos.tv.br\/?p=2460"},"modified":"2024-07-02T14:35:07","modified_gmt":"2024-07-02T17:35:07","slug":"credenciamento-para-beauty-fair-maior-feira-de-beleza-ja-iniciou","status":"publish","type":"post","link":"https:\/\/tveventos.tv.br\/?p=2460","title":{"rendered":"Credenciamento para Beauty Fair, maior feira de beleza, j\u00e1 iniciou"},"content":{"rendered":"\n<p class=\"has-text-align-center\"><em>Inscri\u00e7\u00e3o para profissionais da beleza est\u00e1 dispon\u00edvel no site da Beauty Fair<\/em>\u00a0<\/p>\n\n\n\n<p>Durante os dias 07 e 10 de setembro, o Expo Center Norte receber\u00e1 pela 19\u00aa vez a Beauty Fair, maior feira de Beleza das Am\u00e9ricas, dedicada para todos os profissionais da \u00e1rea. O evento contar\u00e1 com diversos congressos e palestras, mais de 2 mil marcas expositoras \u2013 em um espa\u00e7o de 82 mil m<sup>2<\/sup> \u2013 sendo as principais do cen\u00e1rio, que levar\u00e3o seus lan\u00e7amentos e tudo o que h\u00e1 de mais inovador e tecnol\u00f3gico no mercado de beleza, espa\u00e7os instagram\u00e1veis e a possibilidade de neg\u00f3cios e networking com colegas de profiss\u00e3o e marcas. Para edi\u00e7\u00e3o de 2024, s\u00e3o esperados mais de 200 mil visitantes.<\/p>\n\n\n\n<p><strong>Para os profissionais de beleza<\/strong>, o credenciamento iniciou e deve ser realizado no site da Beauty Fair \u2013 veja clicando <a href=\"https:\/\/beautyfair.com.br\/\">aqui<\/a>. O credenciamento gratuito d\u00e1 direito aos 4 dias de feira para toda \u00e1rea expositiva, por\u00e9m, para ter acesso aos congressos e cursos profissionalizantes ministrados na Beauty Fair, \u00e9 necess\u00e1rio adquirir o ingresso a parte, que tamb\u00e9m est\u00e1 dispon\u00edvel no site \u2013 clicando <a href=\"https:\/\/beautyfair.com.br\/congressos\/\">aqui<\/a> \u2013 a partir de R$ 297,00, a depender do congresso &#8211; e d\u00e3o acesso a feira.<\/p>\n\n\n\n<p><strong>O<\/strong> <strong>credenciamento para influenciadores ir\u00e1 abrir dia 15 de julho<\/strong>. E, assim como os anos anteriores, o credenciamento \u00e9 \u00fanico, pessoal e intransfer\u00edvel, al\u00e9m de passar pelas regras j\u00e1 definidas. O comunicador que tiver interesse nesse tipo de credencial, dever\u00e1 ficar de olho nos canais oficiais da feira: @<a href=\"https:\/\/www.instagram.com\/beautyfairprofissional\/\">beautyfairprofissional<\/a> e no <a href=\"https:\/\/beautyfair.com.br\/\">site<\/a>.<\/p>\n","protected":false},"excerpt":{"rendered":"<p>Inscri\u00e7\u00e3o para profissionais da beleza est\u00e1 dispon\u00edvel no site da Beauty Fair\u00a0 Durante os dias 07 e 10 de setembro, o Expo Center Norte receber\u00e1 pela 19\u00aa vez a Beauty Fair, maior feira de Beleza das Am\u00e9ricas, dedicada para todos os profissionais da \u00e1rea. O evento contar\u00e1 com diversos congressos e palestras, mais de 2 [&hellip;]<\/p>\n","protected":false},"author":2,"featured_media":2461,"comment_status":"open","ping_status":"open","sticky":false,"template":"","format":"standard","meta":{"footnotes":""},"categories":[23],"tags":[],"class_list":{"0":"post-2460","1":"post","2":"type-post","3":"status-publish","4":"format-standard","5":"has-post-thumbnail","7":"category-feirasdenegocios"},"_links":{"self":[{"href":"https:\/\/tveventos.tv.br\/index.php?rest_route=\/wp\/v2\/posts\/2460","targetHints":{"allow":["GET"]}}],"collection":[{"href":"https:\/\/tveventos.tv.br\/index.php?rest_route=\/wp\/v2\/posts"}],"about":[{"href":"https:\/\/tveventos.tv.br\/index.php?rest_route=\/wp\/v2\/types\/post"}],"author":[{"embeddable":true,"href":"https:\/\/tveventos.tv.br\/index.php?rest_route=\/wp\/v2\/users\/2"}],"replies":[{"embeddable":true,"href":"https:\/\/tveventos.tv.br\/index.php?rest_route=%2Fwp%2Fv2%2Fcomments&post=2460"}],"version-history":[{"count":1,"href":"https:\/\/tveventos.tv.br\/index.php?rest_route=\/wp\/v2\/posts\/2460\/revisions"}],"predecessor-version":[{"id":2462,"href":"https:\/\/tveventos.tv.br\/index.php?rest_route=\/wp\/v2\/posts\/2460\/revisions\/2462"}],"wp:featuredmedia":[{"embeddable":true,"href":"https:\/\/tveventos.tv.br\/index.php?rest_route=\/wp\/v2\/media\/2461"}],"wp:attachment":[{"href":"https:\/\/tveventos.tv.br\/index.php?rest_route=%2Fwp%2Fv2%2Fmedia&parent=2460"}],"wp:term":[{"taxonomy":"category","embeddable":true,"href":"https:\/\/tveventos.tv.br\/index.php?rest_route=%2Fwp%2Fv2%2Fcategories&post=2460"},{"taxonomy":"post_tag","embeddable":true,"href":"https:\/\/tveventos.tv.br\/index.php?rest_route=%2Fwp%2Fv2%2Ftags&post=2460"}],"curies":[{"name":"wp","href":"https:\/\/api.w.org\/{rel}","templated":true}]}}