{"id":2464,"date":"2024-07-02T16:06:45","date_gmt":"2024-07-02T19:06:45","guid":{"rendered":"https:\/\/tveventos.tv.br\/?p=2464"},"modified":"2024-07-02T16:06:47","modified_gmt":"2024-07-02T19:06:47","slug":"formobile-celebra-20-anos-com-nova-identidade-visual","status":"publish","type":"post","link":"https:\/\/tveventos.tv.br\/?p=2464","title":{"rendered":"ForM\u00f3bile celebra 20 anos com nova identidade visual"},"content":{"rendered":"\n<p class=\"has-text-align-center\">Completando duas d\u00e9cadas de sucesso em 2024, novo branding estar\u00e1 presente na 10\u00aa edi\u00e7\u00e3o da feira<\/p>\n\n\n\n<h6 class=\"wp-block-heading\">A ForM\u00f3bile, maior feira do setor e principal evento da ind\u00fastria de m\u00f3veis e madeira, est\u00e1 de cara nova e em sua 10\u00aa edi\u00e7\u00e3o, que acontece de 2 a 5 de julho de 2024, estar\u00e1 com toda sua identidade visual remodelada estampando o S\u00e3o Paulo Expo.<\/h6>\n\n\n\n<h6 class=\"wp-block-heading\">O rebranding da marca foi apresentado ao mercado pela primeira vez em 2022, durante a primeira feira presencial no p\u00f3s-pandemia, e o conjunto de a\u00e7\u00f5es alinhadas ao posicionamento, prop\u00f3sito e valores da ForM\u00f3bile agradou \u00e0 primeira vista, assim como a nova paleta de cores, tipologia de fontes, iconografia e elementos gr\u00e1ficos, papelaria e tamb\u00e9m na vers\u00e3o digital, com o KV (key visual) e todo o setup das m\u00eddias sociais.<\/h6>\n\n\n\n<h6 class=\"wp-block-heading\">Todo novo branding da feira &#8211; organizada pela Informa Markets Latam &#8211; foi idealizado e criado pela i10as, ag\u00eancia reconhecida pela cria\u00e7\u00e3o e consolida\u00e7\u00e3o de marcas para empresas de todos os portes e segmentos de mercado, que ap\u00f3s um aprofundado estudo e imers\u00e3o no DNA e ess\u00eancia do que \u00e9 a ForM\u00f3bile, al\u00e9m do m\u00e9tier do setor moveleiro e seu processo evolutivo a n\u00edvel mundial, traduziu tudo que foi aprendido em elementos, formas e cores mais org\u00e2nicas, com uma intr\u00ednseca rela\u00e7\u00e3o com a madeira.<\/h6>\n\n\n\n<h6 class=\"wp-block-heading\">Tatiano Segalin, Business Manager da ForM\u00f3bile, revela que a ideia passada para a ag\u00eancia era de um conceito que traduzisse n\u00e3o apenas o desenvolvimento da ind\u00fastria, mas tamb\u00e9m o seu comprometimento integral com os ODS (Objetivos de Desenvolvimento Sustent\u00e1vel) definidos na Agenda 2030 da ONU (Organiza\u00e7\u00e3o das Na\u00e7\u00f5es Unidas), al\u00e9m de prestar uma homenagem a madeira como real protagonista do processo. Aliado a isso, a diretoria e administra\u00e7\u00e3o da feira queria explorar a rela\u00e7\u00e3o mais abrangente do evento com todos os segmentos de mercado e seus stakeholders.<\/h6>\n\n\n\n<h6 class=\"wp-block-heading\"><em>&#8220;A madeira possui desenhos semelhantes \u00e0 digital humana, o que mostra que estamos todos em um ecossistema conectado e que refor\u00e7a nosso comprometimento com a sustentabilidade de toda a cadeia produtiva. Isso est\u00e1 not\u00f3rio em toda a nova identidade visual e em conson\u00e2ncia com nossa miss\u00e3o em promover a intera\u00e7\u00e3o de todos os elos da cadeia produtiva moveleira&#8221;<\/em>, comemora Segalin.<\/h6>\n\n\n\n<h6 class=\"wp-block-heading\">Programa-se para visitar a ForM\u00f3bile e conferir de perto a nova identidade da feira. A 10\u00aa edi\u00e7\u00e3o acontecer\u00e1 do dia 2 ao dia 5 de julho de 2024, das 10h \u00e0s 19h, no S\u00e3o Paulo Expo &#8211; Rod. dos Imigrantes &#8211; KM 1,5. S\u00e3o Paulo\/SP.<\/h6>\n\n\n\n<h6 class=\"wp-block-heading\">&nbsp;<\/h6>\n\n\n\n<h6 class=\"wp-block-heading\"><strong>Sobre a Informa Markets<\/strong><\/h6>\n\n\n\n<h6 class=\"wp-block-heading\">A Informa Markets conecta pessoas e mercados por meio de solu\u00e7\u00f5es digitais, conte\u00fado especializado, feiras de neg\u00f3cios, eventos h\u00edbridos e intelig\u00eancia de mercado, construindo uma jornada de relacionamento e neg\u00f3cios entre empresas e mercados 365 dias por ano. Presente em mais de 30 pa\u00edses, atua h\u00e1 mais de 27 anos na Am\u00e9rica Latina, e conta hoje com tr\u00eas unidades de neg\u00f3cios: Brasil, M\u00e9xico e Latam Hub, respons\u00e1veis pela entrega de mais de 30 eventos h\u00edbridos, 70 eventos digitais, portais de not\u00edcia e plataformas digitais de conex\u00e3o e neg\u00f3cios.<\/h6>\n\n\n\n<p>Para saber mais, acesse <a href=\"http:\/\/www.informamarkets.com.br\/\">www.informamarkets.com.br<\/a><\/p>\n","protected":false},"excerpt":{"rendered":"<p>Completando duas d\u00e9cadas de sucesso em 2024, novo branding estar\u00e1 presente na 10\u00aa edi\u00e7\u00e3o da feira A ForM\u00f3bile, maior feira do setor e principal evento da ind\u00fastria de m\u00f3veis e madeira, est\u00e1 de cara nova e em sua 10\u00aa edi\u00e7\u00e3o, que acontece de 2 a 5 de julho de 2024, estar\u00e1 com toda sua identidade [&hellip;]<\/p>\n","protected":false},"author":2,"featured_media":2465,"comment_status":"open","ping_status":"open","sticky":false,"template":"","format":"standard","meta":{"footnotes":""},"categories":[23],"tags":[],"class_list":{"0":"post-2464","1":"post","2":"type-post","3":"status-publish","4":"format-standard","5":"has-post-thumbnail","7":"category-feirasdenegocios"},"_links":{"self":[{"href":"https:\/\/tveventos.tv.br\/index.php?rest_route=\/wp\/v2\/posts\/2464","targetHints":{"allow":["GET"]}}],"collection":[{"href":"https:\/\/tveventos.tv.br\/index.php?rest_route=\/wp\/v2\/posts"}],"about":[{"href":"https:\/\/tveventos.tv.br\/index.php?rest_route=\/wp\/v2\/types\/post"}],"author":[{"embeddable":true,"href":"https:\/\/tveventos.tv.br\/index.php?rest_route=\/wp\/v2\/users\/2"}],"replies":[{"embeddable":true,"href":"https:\/\/tveventos.tv.br\/index.php?rest_route=%2Fwp%2Fv2%2Fcomments&post=2464"}],"version-history":[{"count":1,"href":"https:\/\/tveventos.tv.br\/index.php?rest_route=\/wp\/v2\/posts\/2464\/revisions"}],"predecessor-version":[{"id":2466,"href":"https:\/\/tveventos.tv.br\/index.php?rest_route=\/wp\/v2\/posts\/2464\/revisions\/2466"}],"wp:featuredmedia":[{"embeddable":true,"href":"https:\/\/tveventos.tv.br\/index.php?rest_route=\/wp\/v2\/media\/2465"}],"wp:attachment":[{"href":"https:\/\/tveventos.tv.br\/index.php?rest_route=%2Fwp%2Fv2%2Fmedia&parent=2464"}],"wp:term":[{"taxonomy":"category","embeddable":true,"href":"https:\/\/tveventos.tv.br\/index.php?rest_route=%2Fwp%2Fv2%2Fcategories&post=2464"},{"taxonomy":"post_tag","embeddable":true,"href":"https:\/\/tveventos.tv.br\/index.php?rest_route=%2Fwp%2Fv2%2Ftags&post=2464"}],"curies":[{"name":"wp","href":"https:\/\/api.w.org\/{rel}","templated":true}]}}