{"id":2467,"date":"2024-07-03T15:50:38","date_gmt":"2024-07-03T18:50:38","guid":{"rendered":"https:\/\/tveventos.tv.br\/?p=2467"},"modified":"2024-07-03T15:50:40","modified_gmt":"2024-07-03T18:50:40","slug":"sao-paulo-sedia-forum-e-commerce-brasil-2024-com-expectativa-de-25-mil-participantes","status":"publish","type":"post","link":"https:\/\/tveventos.tv.br\/?p=2467","title":{"rendered":"S\u00e3o Paulo Sedia F\u00f3rum E-Commerce Brasil 2024 com Expectativa de 25 mil participantes"},"content":{"rendered":"\n<p class=\"has-text-align-center\">Evento ser\u00e1 realizado nos dias 30, 31 de julho e 01 de agosto em S\u00e3o Paulo capital, no Distrito Anhembi<\/p>\n\n\n\n<p>S\u00e3o Paulo, maior mercado de e-commerce do pa\u00eds com um crescimento de 8,6% nos \u00faltimos tr\u00eas anos conforme pesquisa da BigDataCorp, ser\u00e1 a sede de um dos eventos mais importantes de e-commerce do mundo. O F\u00f3rum E-commerce Brasil 2024 ocorrer\u00e1 entre os dias 30 de julho e 1\u00ba de agosto no Distrito Anhembi, na capital paulista.<\/p>\n\n\n\n<p>O evento promete receber cerca de 25 mil participantes durante os tr\u00eas dias, proporcionando uma imers\u00e3o completa nas diversas \u00e1reas do e-commerce. Os presentes poder\u00e3o enriquecer seus conhecimentos e se inspirar com insights valiosos de mais de 350 profissionais e especialistas do setor, que estar\u00e3o distribu\u00eddos em quatro palcos principais: Plen\u00e1ria Marketing &amp; Vendas, Plen\u00e1ria Gest\u00e3o &amp; Opera\u00e7\u00f5es, Plen\u00e1ria Tecnologia &amp; Inova\u00e7\u00e3o, Plen\u00e1ria Marketplace, al\u00e9m de um palco alternativo \u2013 o Palco de Solu\u00e7\u00f5es \u2013, cada um focado em diferentes aspectos essenciais do e-commerce.<\/p>\n\n\n\n<p>Entre os palestrantes confirmados est\u00e3o Ricardo Garrido, diretor de Marketplace da Amazon; Diego Santos, diretor de Marketplace do Mercado Livre; e Felipe Cohen, diretor de Marketplace e Opera\u00e7\u00f5es da Magazine Luiza. Al\u00e9m disso, marcas como a Magis5, que oferece um hub que integra e-commerces a grandes players do mercado nacional, estar\u00e3o presentes para apresentar as \u00faltimas tend\u00eancias para o segmento. A plataforma de gest\u00e3o permite automatizar processos de cria\u00e7\u00e3o de an\u00fancios e kits, precifica\u00e7\u00e3o e expedi\u00e7\u00e3o de pedidos com emiss\u00e3o de notas fiscais, liberando o empreendedor para pensar estrategicamente em seu neg\u00f3cio.<\/p>\n\n\n\n<p>Segundo Claudio Dias, CEO da Magis5, participar do F\u00f3rum &#8220;significa estar em sintonia com as \u00faltimas tend\u00eancias, inova\u00e7\u00f5es e melhores pr\u00e1ticas do setor, al\u00e9m de oferecer uma oportunidade \u00fanica de networking e aprendizado com os principais especialistas em e-commerce do pa\u00eds&#8221;.<\/p>\n\n\n<div class=\"wp-block-image\">\n<figure class=\"aligncenter size-full is-resized\"><img loading=\"lazy\" decoding=\"async\" width=\"300\" height=\"317\" src=\"https:\/\/tveventos.tv.br\/wp-content\/uploads\/2024\/07\/image.png\" alt=\"\" class=\"wp-image-2469\" style=\"width:300px;height:auto\" srcset=\"https:\/\/tveventos.tv.br\/wp-content\/uploads\/2024\/07\/image.png 300w, https:\/\/tveventos.tv.br\/wp-content\/uploads\/2024\/07\/image-284x300.png 284w\" sizes=\"auto, (max-width: 300px) 100vw, 300px\" \/><\/figure>\n<\/div>\n\n\n<p class=\"has-text-align-center\"><em><strong>Claudio Dias<\/strong><\/em><\/p>\n\n\n\n<p>Desde 2014, o e-commerce no Brasil cresceu mais de 20%, de acordo com a pesquisa da BigDataCorp. O n\u00famero de lojas virtuais aumentou de 1.640.076 em 2022 para 1.911.164 em 2023. O setor tamb\u00e9m viu um aumento significativo no n\u00famero de e-commerces operando exclusivamente online, de 81,16% em 2022 para 83,46% em 2023, evidenciando o cont\u00ednuo aquecimento do mercado.<\/p>\n\n\n\n<p>F\u00f3rum E-commerce Brasil 2023 em N\u00fameros:<\/p>\n\n\n\n<ul class=\"wp-block-list\">\n<li>Mais de 200 mil conex\u00f5es realizadas<\/li>\n\n\n\n<li>Mais de 8.000 empresas participantes<\/li>\n\n\n\n<li>Mais de 20.000 pessoas presentes no evento<\/li>\n\n\n\n<li>835.394 conex\u00f5es geradas pelo aplicativo do evento<\/li>\n\n\n\n<li>19.296 usu\u00e1rios registrados no aplicativo<\/li>\n\n\n\n<li>1.475.515 intera\u00e7\u00f5es registradas no aplicativo durante o evento<\/li>\n<\/ul>\n\n\n\n<p>Servi\u00e7o:<\/p>\n\n\n\n<ul class=\"wp-block-list\">\n<li>F\u00f3rum E-commerce Brasil<\/li>\n\n\n\n<li>Data: 30, 31 de julho e 1\u00ba de agosto<\/li>\n\n\n\n<li>Local: Distrito Anhembi &#8211; Avenida Olavo Fontoura, 1209 &#8211; Santana &#8211; S\u00e3o Paulo<\/li>\n\n\n\n<li>Hor\u00e1rio: Das 9h \u00e0s 17h<\/li>\n\n\n\n<li>Mais informa\u00e7\u00f5es: <a href=\"https:\/\/www.magis5.com.br\/\">www.magis5.com.br<\/a><\/li>\n<\/ul>\n\n\n\n<p>N\u00e3o perca esta oportunidade de estar na vanguarda do e-commerce e participar do evento que promete moldar o futuro do com\u00e9rcio digital no Brasil e no mundo.<\/p>\n\n\n\n<p>MAIS INFORMA\u00c7\u00d5ES<\/p>\n\n\n\n<p>Sobre a Magis5: <a href=\"https:\/\/magis5.com.br\/\">https:\/\/magis5.com.br\/<\/a><\/p>\n","protected":false},"excerpt":{"rendered":"<p>Evento ser\u00e1 realizado nos dias 30, 31 de julho e 01 de agosto em S\u00e3o Paulo capital, no Distrito Anhembi S\u00e3o Paulo, maior mercado de e-commerce do pa\u00eds com um crescimento de 8,6% nos \u00faltimos tr\u00eas anos conforme pesquisa da BigDataCorp, ser\u00e1 a sede de um dos eventos mais importantes de e-commerce do mundo. O [&hellip;]<\/p>\n","protected":false},"author":2,"featured_media":2468,"comment_status":"open","ping_status":"open","sticky":false,"template":"","format":"standard","meta":{"footnotes":""},"categories":[23],"tags":[],"class_list":{"0":"post-2467","1":"post","2":"type-post","3":"status-publish","4":"format-standard","5":"has-post-thumbnail","7":"category-feirasdenegocios"},"_links":{"self":[{"href":"https:\/\/tveventos.tv.br\/index.php?rest_route=\/wp\/v2\/posts\/2467","targetHints":{"allow":["GET"]}}],"collection":[{"href":"https:\/\/tveventos.tv.br\/index.php?rest_route=\/wp\/v2\/posts"}],"about":[{"href":"https:\/\/tveventos.tv.br\/index.php?rest_route=\/wp\/v2\/types\/post"}],"author":[{"embeddable":true,"href":"https:\/\/tveventos.tv.br\/index.php?rest_route=\/wp\/v2\/users\/2"}],"replies":[{"embeddable":true,"href":"https:\/\/tveventos.tv.br\/index.php?rest_route=%2Fwp%2Fv2%2Fcomments&post=2467"}],"version-history":[{"count":1,"href":"https:\/\/tveventos.tv.br\/index.php?rest_route=\/wp\/v2\/posts\/2467\/revisions"}],"predecessor-version":[{"id":2470,"href":"https:\/\/tveventos.tv.br\/index.php?rest_route=\/wp\/v2\/posts\/2467\/revisions\/2470"}],"wp:featuredmedia":[{"embeddable":true,"href":"https:\/\/tveventos.tv.br\/index.php?rest_route=\/wp\/v2\/media\/2468"}],"wp:attachment":[{"href":"https:\/\/tveventos.tv.br\/index.php?rest_route=%2Fwp%2Fv2%2Fmedia&parent=2467"}],"wp:term":[{"taxonomy":"category","embeddable":true,"href":"https:\/\/tveventos.tv.br\/index.php?rest_route=%2Fwp%2Fv2%2Fcategories&post=2467"},{"taxonomy":"post_tag","embeddable":true,"href":"https:\/\/tveventos.tv.br\/index.php?rest_route=%2Fwp%2Fv2%2Ftags&post=2467"}],"curies":[{"name":"wp","href":"https:\/\/api.w.org\/{rel}","templated":true}]}}