{"id":2472,"date":"2024-07-03T15:53:11","date_gmt":"2024-07-03T18:53:11","guid":{"rendered":"https:\/\/tveventos.tv.br\/?p=2472"},"modified":"2024-07-03T15:53:15","modified_gmt":"2024-07-03T18:53:15","slug":"primeiro-dia-da-formobile-e-marcado-por-oficinas-praticas-e-intensa-visitacao-de-profissionais","status":"publish","type":"post","link":"https:\/\/tveventos.tv.br\/?p=2472","title":{"rendered":"Primeiro dia da ForM\u00f3bile \u00e9 marcado por oficinas pr\u00e1ticas e intensa visita\u00e7\u00e3o de profissionais"},"content":{"rendered":"\n<p class=\"has-text-align-center\"><em>Espa\u00e7o Maker \u00e9 um dos destaques da feira, que vai at\u00e9 sexta-feira, no S\u00e3o Paulo Expo<\/em><\/p>\n\n\n\n<p>Come\u00e7ou nesta ter\u00e7a-feira (02), a ForM\u00f3bile &#8211; Feira Internacional da Ind\u00fastria de M\u00f3veis e Madeira, grande ponto de encontro presencial do segmento, que apresentou uma s\u00e9rie de atra\u00e7\u00f5es e novidades exclusivas para toda a cadeia moveleira nacional e internacional em um \u00fanico local &#8211; desde a ind\u00fastria (equipamentos e produtos finais) a marceneiros, fornecedores e revendedores do segmento, al\u00e9m de especificadores.<\/p>\n\n\n\n<p>Em sua d\u00e9cima edi\u00e7\u00e3o, a maior feira do setor e principal evento da ind\u00fastria de m\u00f3veis e madeira da Am\u00e9rica Latina, volta ao S\u00e3o Paulo Expo e traz mais de 550 marcas expositoras, al\u00e9m de palestras, oficinas e espa\u00e7os para networking e neg\u00f3cios. Durante o primeiro dia de encontro, quem foi ao pavilh\u00e3o teve uma experi\u00eancia completa, desde o estudo de novas mat\u00e9rias-primas e design, at\u00e9 a montagem.&nbsp;<\/p>\n\n\n\n<p>&#8220;Este primeiro dia da ForM\u00f3bile foi extremamente positivo em fun\u00e7\u00e3o da quantidade e qualidade do p\u00fablico visitante. Recebemos profissionais de diferentes Estados e do exterior. A demanda \u00e9 intensa por inova\u00e7\u00e3o, especialmente por solu\u00e7\u00f5es, seja nos processos industriais, seja nos produtos focados nas quest\u00f5es da sustentabilidade e efici\u00eancia. \u00c9 exatamente isto que o mercado encontra na ForM\u00f3bile\u201d, analisa o business manager da ForM\u00f3bile, Tatiano Segalin.<\/p>\n\n\n\n<p>Espa\u00e7o Maker by Stopa Lab &#8211; Com curadoria do Stopa Lab, o Espa\u00e7o Maker \u00e9 dedicado a quem quer aprender t\u00e9cnicas especializadas e conferir o trabalho dos principais profissionais do setor. Durante os quatro dias de evento, mais de 30 marceneiros influenciadores v\u00e3o passar por ali compartilhando t\u00e9cnicas e tutoriais para diferentes projetos, tudo realizado em tempo real. \u00c9 o momento, inclusive, de ver v\u00e1rias ferramentas e equipamentos em funcionamento.<\/p>\n\n\n\n<p>No intervalo das demonstra\u00e7\u00f5es, o p\u00fablico poder\u00e1 acompanhar bate-papos com os profissionais e participar de desafios interativos para mostrar todas as habilidades de cria\u00e7\u00e3o e fabrica\u00e7\u00e3o.<\/p>\n\n\n\n<p>J\u00e1 o Palco F\u00f3rM\u00f3bile \u00e9 o momento ideal para se conectar com os l\u00edderes e vision\u00e1rios que est\u00e3o moldando o futuro do setor moveleiro. Prepare-se para inspirar, ser inspirado e para conhecer as melhores pr\u00e1ticas e tend\u00eancias do mercado.<\/p>\n\n\n\n<p>Neste primeiro dia, o Palco contou com nomes como Roberta Grau &#8211; arquiteta, mentora e criadora de conte\u00fado; ABD Talks &#8211; Associa\u00e7\u00e3o Brasileira de Designer de Interiores; Rita de C\u00e1ssia &#8211; Staleiro Marcenaria; Fernanda Sanino e Let\u00edcia Piagentini \u2013 Lumberjills. E ainda os especialistas em gest\u00e3o de marcenarias: Anderson Rios, Anne Oelke e Valci Goulart.<\/p>\n\n\n\n<p>Rodada de Neg\u00f3cios Internacionais &#8211; Este \u00e9 um espa\u00e7o exclusivo para importadores de diversos pa\u00edses participarem de negocia\u00e7\u00f5es com empresas fabricantes de m\u00f3veis.&nbsp; O espa\u00e7o, montado especialmente para este networking, \u00e9 chamado de Projeto Comprador ForM\u00f3bile. Participam desta edi\u00e7\u00e3o 42 fabricantes nacionais e 12 importadores de m\u00f3veis.<\/p>\n\n\n\n<p>O projeto \u00e9 uma iniciativa conjunta da ABIM\u00d3VEL (Associa\u00e7\u00e3o Brasileira das Ind\u00fastrias do Mobili\u00e1rio) em parceria com a ApexBrasil (Ag\u00eancia Brasileira de Promo\u00e7\u00e3o de Exporta\u00e7\u00f5es e Investimentos) por meio do Projeto Setorial Brazilian Furniture, e visa fomentar as exporta\u00e7\u00f5es de fornecedores da ind\u00fastria nacional de m\u00f3veis, apoiando a internacionaliza\u00e7\u00e3o destes, al\u00e9m de otimizar a intera\u00e7\u00e3o entre os participantes, promovendo networking, vendas e parcerias duradouras.<\/p>\n\n\n\n<p>O Projeto Comprador ForM\u00f3bile 2024 \u00e9 uma oportunidade imperd\u00edvel para conectar compradores internacionais com empresas brasileiras, destacando a excel\u00eancia do pa\u00eds em mat\u00e9rias-primas, design inovador, t\u00e9cnicas de produ\u00e7\u00e3o avan\u00e7adas e gest\u00e3o sustent\u00e1vel.<\/p>\n\n\n\n<p><strong>Sobre a ForM\u00f3bile<\/strong><\/p>\n\n\n\n<p>A ForM\u00f3bile se tornou uma plataforma de neg\u00f3cios completa para toda a ind\u00fastria de m\u00f3veis e madeira, nacional e internacionalmente, gerando neg\u00f3cios, relacionamentos e entregando conte\u00fado de qualidade em todos os ambientes: digital e f\u00edsico, de forma sin\u00e9rgica. Atualmente, possui um banco de dados qualificado, com mais de 100 mil contatos de profissionais do setor e diversos canais, como plataforma digital, site, redes sociais e uma ferramenta de conte\u00fado e neg\u00f3cios exclusiva, com a qual \u00e9 poss\u00edvel promover marcas, lan\u00e7ar produtos, gerar leads e realizar a\u00e7\u00f5es personalizadas para obter um melhor retorno sobre investimentos, com mais foco e assertividade.<\/p>\n\n\n\n<p>Para saber mais, acesse <a href=\"http:\/\/www.formobile.com.br\/\">www.formobile.com.br<\/a><\/p>\n\n\n\n<p><strong>Sobre a Informa Markets<\/strong><\/p>\n\n\n\n<p>A Informa Markets conecta pessoas e mercados por meio de solu\u00e7\u00f5es digitais, conte\u00fado especializado, feiras de neg\u00f3cios, eventos h\u00edbridos e intelig\u00eancia de mercado, construindo uma jornada de relacionamento e neg\u00f3cios entre empresas e mercados 365 dias por ano. Presente em mais de 30 pa\u00edses, atua na Am\u00e9rica Latina h\u00e1 27 anos, com escrit\u00f3rios no Brasil e no M\u00e9xico, entregando anualmente mais de 30 eventos h\u00edbridos, 70 eventos digitais, portais de not\u00edcia e plataformas digitais de conex\u00e3o e neg\u00f3cios.Para saber mais, acesse <a href=\"http:\/\/www.informamarkets.com.br\/\">www.informamarkets.com.br<\/a><\/p>\n","protected":false},"excerpt":{"rendered":"<p>Espa\u00e7o Maker \u00e9 um dos destaques da feira, que vai at\u00e9 sexta-feira, no S\u00e3o Paulo Expo Come\u00e7ou nesta ter\u00e7a-feira (02), a ForM\u00f3bile &#8211; Feira Internacional da Ind\u00fastria de M\u00f3veis e Madeira, grande ponto de encontro presencial do segmento, que apresentou uma s\u00e9rie de atra\u00e7\u00f5es e novidades exclusivas para toda a cadeia moveleira nacional e internacional [&hellip;]<\/p>\n","protected":false},"author":2,"featured_media":2473,"comment_status":"open","ping_status":"open","sticky":false,"template":"","format":"standard","meta":{"footnotes":""},"categories":[23],"tags":[],"class_list":{"0":"post-2472","1":"post","2":"type-post","3":"status-publish","4":"format-standard","5":"has-post-thumbnail","7":"category-feirasdenegocios"},"_links":{"self":[{"href":"https:\/\/tveventos.tv.br\/index.php?rest_route=\/wp\/v2\/posts\/2472","targetHints":{"allow":["GET"]}}],"collection":[{"href":"https:\/\/tveventos.tv.br\/index.php?rest_route=\/wp\/v2\/posts"}],"about":[{"href":"https:\/\/tveventos.tv.br\/index.php?rest_route=\/wp\/v2\/types\/post"}],"author":[{"embeddable":true,"href":"https:\/\/tveventos.tv.br\/index.php?rest_route=\/wp\/v2\/users\/2"}],"replies":[{"embeddable":true,"href":"https:\/\/tveventos.tv.br\/index.php?rest_route=%2Fwp%2Fv2%2Fcomments&post=2472"}],"version-history":[{"count":1,"href":"https:\/\/tveventos.tv.br\/index.php?rest_route=\/wp\/v2\/posts\/2472\/revisions"}],"predecessor-version":[{"id":2474,"href":"https:\/\/tveventos.tv.br\/index.php?rest_route=\/wp\/v2\/posts\/2472\/revisions\/2474"}],"wp:featuredmedia":[{"embeddable":true,"href":"https:\/\/tveventos.tv.br\/index.php?rest_route=\/wp\/v2\/media\/2473"}],"wp:attachment":[{"href":"https:\/\/tveventos.tv.br\/index.php?rest_route=%2Fwp%2Fv2%2Fmedia&parent=2472"}],"wp:term":[{"taxonomy":"category","embeddable":true,"href":"https:\/\/tveventos.tv.br\/index.php?rest_route=%2Fwp%2Fv2%2Fcategories&post=2472"},{"taxonomy":"post_tag","embeddable":true,"href":"https:\/\/tveventos.tv.br\/index.php?rest_route=%2Fwp%2Fv2%2Ftags&post=2472"}],"curies":[{"name":"wp","href":"https:\/\/api.w.org\/{rel}","templated":true}]}}