{"id":2478,"date":"2024-07-04T13:53:17","date_gmt":"2024-07-04T16:53:17","guid":{"rendered":"https:\/\/tveventos.tv.br\/?p=2478"},"modified":"2024-07-04T13:53:19","modified_gmt":"2024-07-04T16:53:19","slug":"32a-futureprint-divulga-lista-de-embaixadores-da-edicao","status":"publish","type":"post","link":"https:\/\/tveventos.tv.br\/?p=2478","title":{"rendered":"32\u00aa FuturePrint divulga lista de embaixadores da edi\u00e7\u00e3o"},"content":{"rendered":"\n<p><em>O Lounge dos Embaixadores receber\u00e1 26 convidados para troca de experi\u00eancias e networking.<\/em><\/p>\n\n\n\n<p>A FuturePrint 2024, a principal feira dos setores de impress\u00e3o digital, comunica\u00e7\u00e3o visual e serigrafia da Am\u00e9rica Latina, acontecer\u00e1 de 10 a 13 de julho no Expo Center Norte, em S\u00e3o Paulo. Para a 33\u00aa edi\u00e7\u00e3o do evento, estar\u00e1 de volta o Lounge dos Embaixadores, um espa\u00e7o exclusivo de encontro para a troca de experi\u00eancias entre os embaixadores da feira e os visitantes interessados em networking e conhecimento.<\/p>\n\n\n\n<p>O lounge oferece um ambiente prop\u00edcio para networking com figuras proeminentes do segmento, proporcionando a oportunidade de interagir com influenciadores e estabelecer conex\u00f5es significativas com l\u00edderes de opini\u00e3o e especialistas do setor.<\/p>\n\n\n\n<p>Este ano, o evento conta com um grupo renovado de embaixadores digitais que representam diversas \u00e1reas da ind\u00fastria, como serigrafia, sign, sublima\u00e7\u00e3o, personalizados e impress\u00e3o digital t\u00eaxtil, trazendo inova\u00e7\u00e3o, conhecimento e experi\u00eancia para o p\u00fablico.&nbsp;<\/p>\n\n\n\n<p>Conhe\u00e7a quem s\u00e3o esses profissionais que ir\u00e3o enriquecer ainda mais a experi\u00eancia da FuturePrint 2024.<\/p>\n\n\n\n<p>Casal Estamparia \u2013 Rafael e Ta\u00eds<\/p>\n\n\n\n<p>Empreendedores no ramo da serigrafia desde 2020, Rafael e Ta\u00eds iniciaram com a sublima\u00e7\u00e3o em 2018. Rafael trouxe a paix\u00e3o pela serigrafia de sua av\u00f3, que estampava panos de prato. Hoje, s\u00e3o refer\u00eancias nas redes sociais, inspirando v\u00e1rios casais a criarem suas marcas de roupa.<\/p>\n\n\n\n<p>Fabiana Rodrigues \u2013 @abacaxisublimatico<\/p>\n\n\n\n<p>Com mais de 8 anos de experi\u00eancia, Fabiana \u00e9 uma sublimadora e designer reconhecida. Criou o Abacaxi Sublim\u00e1tico em 2021 e compartilha diariamente sua rotina e conhecimentos, ajudando empreendedores a alavancarem suas vendas com artes personalizadas.<\/p>\n\n\n\n<p>Flavio Santo<\/p>\n\n\n\n<p>Professor, artista 3D e projetista comercial com mais de 12 anos de experi\u00eancia, Flavio \u00e9 uma refer\u00eancia em design de fachadas e comunica\u00e7\u00e3o visual. Ele tamb\u00e9m \u00e9 co-produtor do curso ACM 3D com Nilson Tsuji e possui uma metodologia \u00fanica que descomplica a arte 3D.<\/p>\n\n\n\n<p>Janaina Zermiani<\/p>\n\n\n\n<p>Empreendedora com 23 anos na ind\u00fastria t\u00eaxtil, Janaina fundou seu est\u00fadio de design de moda em 2005. Em 2020, lan\u00e7ou o curso &#8220;Designer de Moda Empreendedor&#8221; e hoje ajuda outras pessoas a se tornarem designers independentes.<\/p>\n\n\n\n<p>Judah Adonai<\/p>\n\n\n\n<p>Especialista em empresas de Comunica\u00e7\u00e3o Visual e Gr\u00e1ficas, Judah fundou a AFACOM e oferece treinamentos para mais de 3.000 alunos em cinco pa\u00edses, ajudando empres\u00e1rios a melhorar a gest\u00e3o de seus neg\u00f3cios.<\/p>\n\n\n\n<p>Kleber Eccher<\/p>\n\n\n\n<p>Com mais de 22 anos no mercado de comunica\u00e7\u00e3o visual, Kleber \u00e9 especialista em impress\u00e3o digital e criador do portal Escolha Certa CV. Ele tamb\u00e9m participa do PrintCast e co-criou o projeto CV Connect.<\/p>\n\n\n\n<p>Luana Dias \u2013 Dona de Gr\u00e1fica<\/p>\n\n\n\n<p>Luana, que deixou um cargo de gest\u00e3o em um banco para se tornar empres\u00e1ria, superou in\u00fameros desafios e hoje \u00e9 uma refer\u00eancia no setor de gr\u00e1ficas digitais. Desenvolveu o M\u00e9todo Dona de Gr\u00e1fica e compartilha estrat\u00e9gias de sucesso com outras empres\u00e1rias.<\/p>\n\n\n\n<p>Marcio Strama \u2013 Doutor Estampa<\/p>\n\n\n\n<p>Fundador da Dr. Estampa, Marcio \u00e9 empres\u00e1rio, palestrante e consultor. Lan\u00e7ou recentemente o livro &#8220;Estampando o Sucesso&#8221; e \u00e9 colunista do blog da FuturePrint, onde compartilha dicas valiosas para empreendedores do setor de estamparia.<\/p>\n\n\n\n<p>Rebeca Moura<\/p>\n\n\n\n<p>Empres\u00e1ria no segmento de personalizados, Rebeca compartilha seus conhecimentos atrav\u00e9s de cursos e mentorias. Ela \u00e9 uma forte presen\u00e7a nas redes sociais, ensinando sobre sublima\u00e7\u00e3o, transfer laser e empreendedorismo.<\/p>\n\n\n\n<p>Matheus e Gi \u2013 Mario e Marias<\/p>\n\n\n\n<p>Com mais de 10 anos no mercado de personalizados, Matheus e Gi atendem todo o pa\u00eds atrav\u00e9s de suas lojas f\u00edsicas e e-commerce. Oferecem cursos e mentorias que j\u00e1 beneficiaram mais de 15 mil alunos.<\/p>\n\n\n\n<p>Mayara Calderone<\/p>\n\n\n\n<p>Coordenadora e professora no Portal Sublim\u00e1tico, Mayara ministra cursos e mentorias voltados \u00e0 sublima\u00e7\u00e3o e ao uso da plotter de recorte Silhouette, incentivando o empreendedorismo feminino e materno.<\/p>\n\n\n\n<p>Mila Sanchez<\/p>\n\n\n\n<p>Criadora do Studio Mila Sanchez, Mila \u00e9 formada em T\u00eaxtil e Moda pela USP e possui vasta experi\u00eancia em marketing digital e estamparia. Ela oferece cursos e mentorias para designers de estampas.<\/p>\n\n\n\n<p>Nascimento Rocha<\/p>\n\n\n\n<p>Empreendedor, palestrante e t\u00e9cnico em processos serigr\u00e1ficos, Nascimento atua como consultor e professor de serigrafia. Ele \u00e9 respons\u00e1vel por um centro de treinamento para clientes G\u00eanesis em Fortaleza.<\/p>\n\n\n\n<p>Nilson Tsuji<\/p>\n\n\n\n<p>Especialista em ACM, Nilson ministra treinamentos e consultorias desde 2012. Ele \u00e9 fundador do mais completo Centro de Treinamento de ACM no Brasil, oferecendo cursos presenciais e online.<\/p>\n\n\n\n<p>P.H Oliveira<\/p>\n\n\n\n<p>Fundador da empresa Brindando, P.H \u00e9 empres\u00e1rio, professor e palestrante com vasta experi\u00eancia em sublima\u00e7\u00e3o. Ele coordena a atra\u00e7\u00e3o Sublima\u00e7\u00e3o em A\u00e7\u00e3o da Feira FuturePrint desde 2019.<\/p>\n\n\n\n<p>Poli Freire<\/p>\n\n\n\n<p>Com mais de 10 anos no setor t\u00eaxtil, Poli se dedica \u00e0 sublima\u00e7\u00e3o e atua como professora e influenciadora, representando grandes marcas do mercado de produtos personalizados.<\/p>\n\n\n\n<p>Rafael Ahmann<\/p>\n\n\n\n<p>Engenheiro, empres\u00e1rio e CEO da Holdprint Sistemas, Rafael \u00e9 especialista em custeio e gest\u00e3o na comunica\u00e7\u00e3o visual, oferecendo tecnologia e gest\u00e3o para clientes no Brasil e no exterior.<\/p>\n\n\n\n<p>Rafael Ahmann<\/p>\n\n\n\n<p>Engenheiro, empres\u00e1rio e CEO da Holdprint Sistemas, Rafael \u00e9 especialista em custeio e gest\u00e3o na comunica\u00e7\u00e3o visual, oferecendo tecnologia e gest\u00e3o para clientes no Brasil e no exterior.<\/p>\n\n\n\n<p>Rodrigo Machado<\/p>\n\n\n\n<p>Serigrafista com mais de 8 anos de experi\u00eancia, Rodrigo \u00e9 propriet\u00e1rio da Futura Estamparia e criador do m\u00e9todo Serigrafia em Casa, al\u00e9m de ser um influenciador digital.<\/p>\n\n\n\n<p>Rufus Gozzolli<\/p>\n\n\n\n<p>Empreendedor e serigrafista h\u00e1 10 anos, Rufus \u00e9 conhecido por seu trabalho com a marca de skate @sprock.skateordie e por oferecer cursos pr\u00e1ticos de serigrafia para iniciantes.<\/p>\n\n\n\n<p>Thais Cruz<\/p>\n\n\n\n<p>Fundadora da Help Sublime e Personnalit\u00e9, Thais \u00e9 empres\u00e1ria e professora de sublima\u00e7\u00e3o. Ela oferece cursos profissionalizantes e consultorias para aspirantes a sublimadores.<\/p>\n\n\n\n<p>Bruna Molina<\/p>\n\n\n\n<p>Designer gr\u00e1fica e empres\u00e1ria, Bruna atua como professora de sublima\u00e7\u00e3o e influenciadora digital. Ela \u00e9 propriet\u00e1ria de uma loja online de personalizados e compartilha seus conhecimentos atrav\u00e9s de cursos e palestras.<\/p>\n\n\n\n<p>Wagner Camargo<\/p>\n\n\n\n<p>Com 30 anos de experi\u00eancia em comunica\u00e7\u00e3o visual, Wagner \u00e9 gerente de produ\u00e7\u00e3o e especialista em otimiza\u00e7\u00e3o de processos produtivos. Ele oferece treinamentos que transformam o layout das empresas, agilizando a produ\u00e7\u00e3o e melhorando a organiza\u00e7\u00e3o.<\/p>\n\n\n\n<p>Maur\u00edcio Bonin \u2013 Sublima Digital<\/p>\n\n\n\n<p>Fundador da plataforma Sublima Digital, Maur\u00edcio \u00e9 um inovador no mercado de sublima\u00e7\u00e3o.<\/p>\n\n\n\n<p>Diomedes de Souza \u2013 CEO O Aplicador<\/p>\n\n\n\n<p>Empres\u00e1rio reconhecido no setor de sublima\u00e7\u00e3o, Diomedes \u00e9 fundador da O Aplicador e oferece diversas solu\u00e7\u00f5es para o mercado.<\/p>\n\n\n\n<p>S\u00e9rgio Andrei<\/p>\n\n\n\n<p>Uma das principais refer\u00eancias em sublima\u00e7\u00e3o no Brasil h\u00e1 24 anos, S\u00e9rgio \u00e9 fundador da Provideo2004 e autor do livro &#8220;A Ci\u00eancia e a Arte da Sublima\u00e7\u00e3o&#8221;.<\/p>\n\n\n\n<p>Nazir Vieira<\/p>\n\n\n\n<p>Com mais de 20 anos no ramo de comunica\u00e7\u00e3o visual e gr\u00e1fica, Nazir \u00e9 propriet\u00e1rio da Zoonn Comunica\u00e7\u00e3o Visual e fundador do canal Zoonn Experi\u00eancias, onde compartilha dicas e mentorias.<\/p>\n\n\n\n<p>Sobre a FuturePrint<\/p>\n\n\n\n<p>Acompanhando a evolu\u00e7\u00e3o e integrando as solu\u00e7\u00f5es e tecnologias de impress\u00e3o nos mercados de serigrafia, comunica\u00e7\u00e3o visual e t\u00eaxtil, a FuturePrint reposicionou-se em 2019 com sua nova marca. A feira, anteriormente conhecida como Serigrafia SIGN FutureTEXTIL, agora tem um maior foco em pessoas, inova\u00e7\u00f5es e entrega de valor.<\/p>\n\n\n\n<p><strong>Servi\u00e7o<\/strong><\/p>\n\n\n\n<p>FuturePrint 2024<\/p>\n\n\n\n<p>Local: Expo Center Norte \u2013 Rua Jos\u00e9 Bernardo Pinto, 333 \u2013 Vila Guilherme \u2013 S\u00e3o Paulo\/SP.<\/p>\n\n\n\n<p>Datas: 10 a 13 de julho de 2024. Quarta a sexta, das 13h \u00e0s 20h. S\u00e1bado, das 10h \u00e0s 17h.<\/p>\n\n\n\n<p>Ingressos: Gratuitos.<\/p>\n\n\n\n<p>Credenciamento (individual, para caravanas ou universidades):<\/p>\n\n\n\n<figure class=\"wp-block-embed\"><div class=\"wp-block-embed__wrapper\">\nhttps:\/\/www.feirafutureprint.com.br\/pt\/landing-pages\/inscricao.html\n<\/div><\/figure>\n\n\n\n<p>Site: www.feirafutureprint.com.br<\/p>\n","protected":false},"excerpt":{"rendered":"<p>O Lounge dos Embaixadores receber\u00e1 26 convidados para troca de experi\u00eancias e networking. A FuturePrint 2024, a principal feira dos setores de impress\u00e3o digital, comunica\u00e7\u00e3o visual e serigrafia da Am\u00e9rica Latina, acontecer\u00e1 de 10 a 13 de julho no Expo Center Norte, em S\u00e3o Paulo. Para a 33\u00aa edi\u00e7\u00e3o do evento, estar\u00e1 de volta o [&hellip;]<\/p>\n","protected":false},"author":3,"featured_media":2479,"comment_status":"open","ping_status":"open","sticky":false,"template":"","format":"standard","meta":{"footnotes":""},"categories":[23],"tags":[],"class_list":{"0":"post-2478","1":"post","2":"type-post","3":"status-publish","4":"format-standard","5":"has-post-thumbnail","7":"category-feirasdenegocios"},"_links":{"self":[{"href":"https:\/\/tveventos.tv.br\/index.php?rest_route=\/wp\/v2\/posts\/2478","targetHints":{"allow":["GET"]}}],"collection":[{"href":"https:\/\/tveventos.tv.br\/index.php?rest_route=\/wp\/v2\/posts"}],"about":[{"href":"https:\/\/tveventos.tv.br\/index.php?rest_route=\/wp\/v2\/types\/post"}],"author":[{"embeddable":true,"href":"https:\/\/tveventos.tv.br\/index.php?rest_route=\/wp\/v2\/users\/3"}],"replies":[{"embeddable":true,"href":"https:\/\/tveventos.tv.br\/index.php?rest_route=%2Fwp%2Fv2%2Fcomments&post=2478"}],"version-history":[{"count":1,"href":"https:\/\/tveventos.tv.br\/index.php?rest_route=\/wp\/v2\/posts\/2478\/revisions"}],"predecessor-version":[{"id":2480,"href":"https:\/\/tveventos.tv.br\/index.php?rest_route=\/wp\/v2\/posts\/2478\/revisions\/2480"}],"wp:featuredmedia":[{"embeddable":true,"href":"https:\/\/tveventos.tv.br\/index.php?rest_route=\/wp\/v2\/media\/2479"}],"wp:attachment":[{"href":"https:\/\/tveventos.tv.br\/index.php?rest_route=%2Fwp%2Fv2%2Fmedia&parent=2478"}],"wp:term":[{"taxonomy":"category","embeddable":true,"href":"https:\/\/tveventos.tv.br\/index.php?rest_route=%2Fwp%2Fv2%2Fcategories&post=2478"},{"taxonomy":"post_tag","embeddable":true,"href":"https:\/\/tveventos.tv.br\/index.php?rest_route=%2Fwp%2Fv2%2Ftags&post=2478"}],"curies":[{"name":"wp","href":"https:\/\/api.w.org\/{rel}","templated":true}]}}