{"id":2481,"date":"2024-07-04T14:04:13","date_gmt":"2024-07-04T17:04:13","guid":{"rendered":"https:\/\/tveventos.tv.br\/?p=2481"},"modified":"2024-07-04T14:04:15","modified_gmt":"2024-07-04T17:04:15","slug":"comeca-a-contagem-regressiva-para-o-25o-festival-do-japao","status":"publish","type":"post","link":"https:\/\/tveventos.tv.br\/?p=2481","title":{"rendered":"Come\u00e7a a contagem regressiva para o 25\u00ba Festival do Jap\u00e3o"},"content":{"rendered":"\n<p><em>O evento traz o tema &#8220;IKIGAI &#8211; Viva com Prop\u00f3sito&#8221;, destacando cultura, culin\u00e1ria e atra\u00e7\u00f5es especiais, de 12 a 14 de julho.<\/em><\/p>\n\n\n\n<p>A contagem regressiva para o Festival do Jap\u00e3o come\u00e7ou oficialmente! Agora faltam cerca de 20 dias para o nosso evento, que acontece entre os dias 12 a 14 de julho, no S\u00e3o Paulo Expo. O tema deste ano \u00e9 \u201cIKIGAI \u2013 Viva com Prop\u00f3sito\u201d, e iremos comemorar a 25\u00ba edi\u00e7\u00e3o do evento, com o Jubileu de Prata!<\/p>\n\n\n\n<p>Entre as atra\u00e7\u00f5es do evento, destaque para a culin\u00e1ria regional tradicional das prov\u00edncias japonesas, apresenta\u00e7\u00f5es de shows musicais, atra\u00e7\u00f5es culturais, dan\u00e7as t\u00edpicas, exposi\u00e7\u00f5es culturais, workshops, ikebana, cerim\u00f4nia do ch\u00e1, atividades gratuitas para as crian\u00e7as, adultos e idosos, #FJTAON, Miss Nikkey e o Akiba Space, voltado aos f\u00e3s da cultura pop.<\/p>\n\n\n\n<p>Informamos tamb\u00e9m que organizaremos um espa\u00e7o especial denominado \u201cFurusato Iimono Ten \u2013 Expo Japan \u2013 O melhor de cada Prov\u00edncia\u201d, uma exposi\u00e7\u00e3o na qual cada prov\u00edncia do Jap\u00e3o mostrar\u00e1 o que tem de melhor nos segmentos de alimentos e sakes! Contamos com a participa\u00e7\u00e3o de todos!<\/p>\n","protected":false},"excerpt":{"rendered":"<p>O evento traz o tema &#8220;IKIGAI &#8211; Viva com Prop\u00f3sito&#8221;, destacando cultura, culin\u00e1ria e atra\u00e7\u00f5es especiais, de 12 a 14 de julho. A contagem regressiva para o Festival do Jap\u00e3o come\u00e7ou oficialmente! Agora faltam cerca de 20 dias para o nosso evento, que acontece entre os dias 12 a 14 de julho, no S\u00e3o Paulo [&hellip;]<\/p>\n","protected":false},"author":3,"featured_media":2482,"comment_status":"open","ping_status":"open","sticky":false,"template":"","format":"standard","meta":{"footnotes":""},"categories":[23],"tags":[],"class_list":{"0":"post-2481","1":"post","2":"type-post","3":"status-publish","4":"format-standard","5":"has-post-thumbnail","7":"category-feirasdenegocios"},"_links":{"self":[{"href":"https:\/\/tveventos.tv.br\/index.php?rest_route=\/wp\/v2\/posts\/2481","targetHints":{"allow":["GET"]}}],"collection":[{"href":"https:\/\/tveventos.tv.br\/index.php?rest_route=\/wp\/v2\/posts"}],"about":[{"href":"https:\/\/tveventos.tv.br\/index.php?rest_route=\/wp\/v2\/types\/post"}],"author":[{"embeddable":true,"href":"https:\/\/tveventos.tv.br\/index.php?rest_route=\/wp\/v2\/users\/3"}],"replies":[{"embeddable":true,"href":"https:\/\/tveventos.tv.br\/index.php?rest_route=%2Fwp%2Fv2%2Fcomments&post=2481"}],"version-history":[{"count":1,"href":"https:\/\/tveventos.tv.br\/index.php?rest_route=\/wp\/v2\/posts\/2481\/revisions"}],"predecessor-version":[{"id":2483,"href":"https:\/\/tveventos.tv.br\/index.php?rest_route=\/wp\/v2\/posts\/2481\/revisions\/2483"}],"wp:featuredmedia":[{"embeddable":true,"href":"https:\/\/tveventos.tv.br\/index.php?rest_route=\/wp\/v2\/media\/2482"}],"wp:attachment":[{"href":"https:\/\/tveventos.tv.br\/index.php?rest_route=%2Fwp%2Fv2%2Fmedia&parent=2481"}],"wp:term":[{"taxonomy":"category","embeddable":true,"href":"https:\/\/tveventos.tv.br\/index.php?rest_route=%2Fwp%2Fv2%2Fcategories&post=2481"},{"taxonomy":"post_tag","embeddable":true,"href":"https:\/\/tveventos.tv.br\/index.php?rest_route=%2Fwp%2Fv2%2Ftags&post=2481"}],"curies":[{"name":"wp","href":"https:\/\/api.w.org\/{rel}","templated":true}]}}